{"id":89866,"date":"2021-03-27T11:47:44","date_gmt":"2021-03-27T14:47:44","guid":{"rendered":"https:\/\/eldiariodesanpedro.com.ar\/sitio\/?p=89866"},"modified":"2021-03-27T11:47:50","modified_gmt":"2021-03-27T14:47:50","slug":"dos-mujeres-se-peleaban-en-la-calle-y-fueron-aprehendidas","status":"publish","type":"post","link":"https:\/\/eldiariodesanpedro.com.ar\/sitio\/dos-mujeres-se-peleaban-en-la-calle-y-fueron-aprehendidas\/","title":{"rendered":"Dos mujeres se peleaban en la calle y fueron aprehendidas"},"content":{"rendered":"<!-- VideographyWP Plugin Message: Automatic video embedding prevented by plugin options. -->\n\n<p>En la madrugada de este s\u00e1bado la polic\u00eda de nuestra ciudad tuvo que intervenir en una ri\u00f1a entre dos mujeres sobre la v\u00eda p\u00fablica.<\/p>\n\n\n\n<p>Un m\u00f3vil policial se hizo presente en calle G\u00fcemes al 1800 donde tuvieron que aprehender a dos mujeres de 17 y 22 a\u00f1os que se encontraban agredi\u00e9ndose mutuamente en la v\u00eda p\u00fablica.<\/p>\n\n\n\n<p>Afortunadamente nadie result\u00f3 con lesiones de gravedad gracias a la r\u00e1pida intervenci\u00f3n de los efectivos.&nbsp;<\/p>\n","protected":false},"excerpt":{"rendered":"<p>En la madrugada de este s\u00e1bado la polic\u00eda de nuestra ciudad tuvo que intervenir en una ri\u00f1a entre dos mujeres sobre la v\u00eda p\u00fablica. Un m\u00f3vil policial se hizo presente en calle G\u00fcemes al 1800 donde tuvieron que aprehender a dos mujeres de 17 y 22 a\u00f1os que se encontraban agredi\u00e9ndose mutuamente en la v\u00eda [&hellip;]<\/p>\n","protected":false},"author":4,"featured_media":77860,"comment_status":"open","ping_status":"closed","sticky":false,"template":"","format":"standard","meta":{"om_disable_all_campaigns":false,"_jetpack_memberships_contains_paid_content":false,"footnotes":""},"categories":[2,103],"tags":[],"class_list":["post-89866","post","type-post","status-publish","format-standard","has-post-thumbnail","hentry","category-locales","category-policiales-locales"],"aioseo_notices":[],"gutentor_comment":0,"jetpack_featured_media_url":"https:\/\/eldiariodesanpedro.com.ar\/sitio\/wp-content\/uploads\/2020\/07\/000085506.jpg","jetpack_shortlink":"https:\/\/wp.me\/p6RhLt-nns","jetpack_sharing_enabled":true,"_links":{"self":[{"href":"https:\/\/eldiariodesanpedro.com.ar\/sitio\/wp-json\/wp\/v2\/posts\/89866","targetHints":{"allow":["GET"]}}],"collection":[{"href":"https:\/\/eldiariodesanpedro.com.ar\/sitio\/wp-json\/wp\/v2\/posts"}],"about":[{"href":"https:\/\/eldiariodesanpedro.com.ar\/sitio\/wp-json\/wp\/v2\/types\/post"}],"author":[{"embeddable":true,"href":"https:\/\/eldiariodesanpedro.com.ar\/sitio\/wp-json\/wp\/v2\/users\/4"}],"replies":[{"embeddable":true,"href":"https:\/\/eldiariodesanpedro.com.ar\/sitio\/wp-json\/wp\/v2\/comments?post=89866"}],"version-history":[{"count":1,"href":"https:\/\/eldiariodesanpedro.com.ar\/sitio\/wp-json\/wp\/v2\/posts\/89866\/revisions"}],"predecessor-version":[{"id":89867,"href":"https:\/\/eldiariodesanpedro.com.ar\/sitio\/wp-json\/wp\/v2\/posts\/89866\/revisions\/89867"}],"wp:featuredmedia":[{"embeddable":true,"href":"https:\/\/eldiariodesanpedro.com.ar\/sitio\/wp-json\/wp\/v2\/media\/77860"}],"wp:attachment":[{"href":"https:\/\/eldiariodesanpedro.com.ar\/sitio\/wp-json\/wp\/v2\/media?parent=89866"}],"wp:term":[{"taxonomy":"category","embeddable":true,"href":"https:\/\/eldiariodesanpedro.com.ar\/sitio\/wp-json\/wp\/v2\/categories?post=89866"},{"taxonomy":"post_tag","embeddable":true,"href":"https:\/\/eldiariodesanpedro.com.ar\/sitio\/wp-json\/wp\/v2\/tags?post=89866"}],"curies":[{"name":"wp","href":"https:\/\/api.w.org\/{rel}","templated":true}]}}