{"id":89851,"date":"2021-03-26T19:04:08","date_gmt":"2021-03-26T22:04:08","guid":{"rendered":"https:\/\/eldiariodesanpedro.com.ar\/sitio\/?p=89851"},"modified":"2021-03-26T19:04:13","modified_gmt":"2021-03-26T22:04:13","slug":"desde-abril-las-tarifas-de-luz-aumentan-7-en-la-provincia-de-buenos-aires","status":"publish","type":"post","link":"https:\/\/eldiariodesanpedro.com.ar\/sitio\/desde-abril-las-tarifas-de-luz-aumentan-7-en-la-provincia-de-buenos-aires\/","title":{"rendered":"Desde abril, las tarifas de luz aumentan 7% en la Provincia de Buenos Aires"},"content":{"rendered":"<!-- VideographyWP Plugin Message: Automatic video embedding prevented by plugin options. -->\n\n<p>El Gobierno bonaerense realiz\u00f3 una serie de anuncios en materia de deuda, impositiva y tarifaria. El subsecretario de Energ\u00eda bonaerense, Gast\u00f3n Ghioni, anunci\u00f3 que luego de los congelamientos que se dieron en el \u00faltimo a\u00f1o, las tarifas de energ\u00eda el\u00e9ctrica subir\u00e1n 7% a partir de abril. El funcionario asegur\u00f3 que ya se comunic\u00f3 a las empresas prestadoras del servicio.<\/p>\n\n\n\n<p>\u201cEstamos anunciando un aumento de 7% en la tarifa final a partir del 1\u00b0 de abril e iniciar con ellos un per\u00edodo de negociaci\u00f3n y empezar a definir costos e inversiones necesarias hacia adelante. Esas inversiones van a garantizar el sostenimiento de la red\u201d, indic\u00f3 Ghioni. Y agreg\u00f3 que esta situaci\u00f3n de transici\u00f3n se extender\u00eda hasta el pr\u00f3ximo periodo de revisi\u00f3n tarifaria, que se realizar\u00eda el a\u00f1o que viene.<\/p>\n\n\n\n<p>\u201cLa cuesti\u00f3n de la deuda y los acuerdos y compromisos con el sector energ\u00e9tico son dos yunques que quedaron del Gobierno neoliberal de Macri y de Vidal. En los dos casos, impagables. Dej\u00f3 una deuda impagable para el Estado provincial y tarifas impagables, con aumentos que iban a volverse impagables, para los hogares y las empresas de la Provincia\u201d, destac\u00f3 el gobernador Axel Kicillof.<\/p>\n","protected":false},"excerpt":{"rendered":"<p>El Gobierno bonaerense realiz\u00f3 una serie de anuncios en materia de deuda, impositiva y tarifaria. El subsecretario de Energ\u00eda bonaerense, Gast\u00f3n Ghioni, anunci\u00f3 que luego de los congelamientos que se dieron en el \u00faltimo a\u00f1o, las tarifas de energ\u00eda el\u00e9ctrica subir\u00e1n 7% a partir de abril. El funcionario asegur\u00f3 que ya se comunic\u00f3 a las [&hellip;]<\/p>\n","protected":false},"author":4,"featured_media":89852,"comment_status":"open","ping_status":"closed","sticky":false,"template":"","format":"standard","meta":{"om_disable_all_campaigns":false,"_jetpack_memberships_contains_paid_content":false,"footnotes":""},"categories":[621],"tags":[],"class_list":["post-89851","post","type-post","status-publish","format-standard","has-post-thumbnail","hentry","category-regionales"],"aioseo_notices":[],"gutentor_comment":0,"jetpack_featured_media_url":"https:\/\/eldiariodesanpedro.com.ar\/sitio\/wp-content\/uploads\/2021\/03\/16167691260.jpg","jetpack_shortlink":"https:\/\/wp.me\/p6RhLt-nnd","jetpack_sharing_enabled":true,"_links":{"self":[{"href":"https:\/\/eldiariodesanpedro.com.ar\/sitio\/wp-json\/wp\/v2\/posts\/89851","targetHints":{"allow":["GET"]}}],"collection":[{"href":"https:\/\/eldiariodesanpedro.com.ar\/sitio\/wp-json\/wp\/v2\/posts"}],"about":[{"href":"https:\/\/eldiariodesanpedro.com.ar\/sitio\/wp-json\/wp\/v2\/types\/post"}],"author":[{"embeddable":true,"href":"https:\/\/eldiariodesanpedro.com.ar\/sitio\/wp-json\/wp\/v2\/users\/4"}],"replies":[{"embeddable":true,"href":"https:\/\/eldiariodesanpedro.com.ar\/sitio\/wp-json\/wp\/v2\/comments?post=89851"}],"version-history":[{"count":1,"href":"https:\/\/eldiariodesanpedro.com.ar\/sitio\/wp-json\/wp\/v2\/posts\/89851\/revisions"}],"predecessor-version":[{"id":89853,"href":"https:\/\/eldiariodesanpedro.com.ar\/sitio\/wp-json\/wp\/v2\/posts\/89851\/revisions\/89853"}],"wp:featuredmedia":[{"embeddable":true,"href":"https:\/\/eldiariodesanpedro.com.ar\/sitio\/wp-json\/wp\/v2\/media\/89852"}],"wp:attachment":[{"href":"https:\/\/eldiariodesanpedro.com.ar\/sitio\/wp-json\/wp\/v2\/media?parent=89851"}],"wp:term":[{"taxonomy":"category","embeddable":true,"href":"https:\/\/eldiariodesanpedro.com.ar\/sitio\/wp-json\/wp\/v2\/categories?post=89851"},{"taxonomy":"post_tag","embeddable":true,"href":"https:\/\/eldiariodesanpedro.com.ar\/sitio\/wp-json\/wp\/v2\/tags?post=89851"}],"curies":[{"name":"wp","href":"https:\/\/api.w.org\/{rel}","templated":true}]}}