{"id":89843,"date":"2021-03-26T18:21:37","date_gmt":"2021-03-26T21:21:37","guid":{"rendered":"https:\/\/eldiariodesanpedro.com.ar\/sitio\/?p=89843"},"modified":"2021-03-26T18:21:45","modified_gmt":"2021-03-26T21:21:45","slug":"firma-de-contrato-para-concretar-obras-en-el-acceso-de-la-ruta-191","status":"publish","type":"post","link":"https:\/\/eldiariodesanpedro.com.ar\/sitio\/firma-de-contrato-para-concretar-obras-en-el-acceso-de-la-ruta-191\/","title":{"rendered":"Firma de contrato para concretar obras en el Acceso de la Ruta 191"},"content":{"rendered":"<!-- VideographyWP Plugin Message: Automatic video embedding prevented by plugin options. -->\n\n<p>El Intendente Municipal Cecilio Salazar, junto al Secretario de Obras Publicas Javier Silva y al Director de Modernizaci\u00f3n Hern\u00e1n Contreras (a cargo de la Secretar\u00eda de Coordinaci\u00f3n) participaron esta ma\u00f1ana de la firma del contrato de las obras de \u201cRehabilitaci\u00f3n y Conservaci\u00f3n de Rutas Provinciales: Reconstrucci\u00f3n de losas de hormig\u00f3n en Jurisdicci\u00f3n del Departamento Zonal 1\u201d.<\/p>\n\n\n\n<p>Dicha reuni\u00f3n se realiz\u00f3 de forma virtual y cont\u00f3 con la presencia del Gobernador de la Provincia de Buenos Aires Axel Kicillof, el Ministro de Infraestructura y Servicios P\u00fablicos provincial Agust\u00edn Simone, el Subsecretario de Obras P\u00fablicas Ing. Ernesto Selzer y los jefes comunales de otros distritos de la provincia.<\/p>\n\n\n\n<p>La obra comprende trabajos de reconstrucci\u00f3n de losas (pavimento de hormig\u00f3n) en ambas calzadas, con previa demolici\u00f3n y excavaci\u00f3n de las losas existentes, y la zona a intervenir comprende el Camino de la Ruta Provincial 191 en el tramo de la intersecci\u00f3n con la Ruta Nacional N\u00b09 en el Acceso a San Pedro.<\/p>\n\n\n\n<figure class=\"wp-block-image size-large\"><img decoding=\"async\" width=\"1024\" height=\"603\" data-attachment-id=\"89844\" data-permalink=\"https:\/\/eldiariodesanpedro.com.ar\/sitio\/firma-de-contrato-para-concretar-obras-en-el-acceso-de-la-ruta-191\/whatsapp-image-2021-03-26-at-16-27-54\/\" data-orig-file=\"https:\/\/eldiariodesanpedro.com.ar\/sitio\/wp-content\/uploads\/2021\/03\/WhatsApp-Image-2021-03-26-at-16.27.54.jpeg\" data-orig-size=\"1280,754\" data-comments-opened=\"1\" data-image-meta=\"{&quot;aperture&quot;:&quot;0&quot;,&quot;credit&quot;:&quot;&quot;,&quot;camera&quot;:&quot;&quot;,&quot;caption&quot;:&quot;&quot;,&quot;created_timestamp&quot;:&quot;0&quot;,&quot;copyright&quot;:&quot;&quot;,&quot;focal_length&quot;:&quot;0&quot;,&quot;iso&quot;:&quot;0&quot;,&quot;shutter_speed&quot;:&quot;0&quot;,&quot;title&quot;:&quot;&quot;,&quot;orientation&quot;:&quot;0&quot;}\" data-image-title=\"WhatsApp Image 2021-03-26 at 16.27.54\" data-image-description=\"\" data-image-caption=\"\" data-large-file=\"https:\/\/eldiariodesanpedro.com.ar\/sitio\/wp-content\/uploads\/2021\/03\/WhatsApp-Image-2021-03-26-at-16.27.54-1024x603.jpeg\" data-src=\"https:\/\/eldiariodesanpedro.com.ar\/sitio\/wp-content\/uploads\/2021\/03\/WhatsApp-Image-2021-03-26-at-16.27.54-1024x603.jpeg\" alt=\"\" class=\"wp-image-89844 lazyload\" data-srcset=\"https:\/\/eldiariodesanpedro.com.ar\/sitio\/wp-content\/uploads\/2021\/03\/WhatsApp-Image-2021-03-26-at-16.27.54-1024x603.jpeg 1024w, https:\/\/eldiariodesanpedro.com.ar\/sitio\/wp-content\/uploads\/2021\/03\/WhatsApp-Image-2021-03-26-at-16.27.54-300x177.jpeg 300w, https:\/\/eldiariodesanpedro.com.ar\/sitio\/wp-content\/uploads\/2021\/03\/WhatsApp-Image-2021-03-26-at-16.27.54-768x452.jpeg 768w, https:\/\/eldiariodesanpedro.com.ar\/sitio\/wp-content\/uploads\/2021\/03\/WhatsApp-Image-2021-03-26-at-16.27.54.jpeg 1280w\" data-sizes=\"(max-width: 1024px) 100vw, 1024px\" src=\"data:image\/svg+xml;base64,PHN2ZyB3aWR0aD0iMSIgaGVpZ2h0PSIxIiB4bWxucz0iaHR0cDovL3d3dy53My5vcmcvMjAwMC9zdmciPjwvc3ZnPg==\" style=\"--smush-placeholder-width: 1024px; --smush-placeholder-aspect-ratio: 1024\/603;\" \/><\/figure>\n\n\n\n<figure class=\"wp-block-image size-large\"><img decoding=\"async\" width=\"1024\" height=\"682\" data-attachment-id=\"89847\" data-permalink=\"https:\/\/eldiariodesanpedro.com.ar\/sitio\/firma-de-contrato-para-concretar-obras-en-el-acceso-de-la-ruta-191\/whatsapp-image-2021-03-26-at-16-28-01\/\" data-orig-file=\"https:\/\/eldiariodesanpedro.com.ar\/sitio\/wp-content\/uploads\/2021\/03\/WhatsApp-Image-2021-03-26-at-16.28.01.jpeg\" data-orig-size=\"1280,853\" data-comments-opened=\"1\" data-image-meta=\"{&quot;aperture&quot;:&quot;0&quot;,&quot;credit&quot;:&quot;&quot;,&quot;camera&quot;:&quot;&quot;,&quot;caption&quot;:&quot;&quot;,&quot;created_timestamp&quot;:&quot;0&quot;,&quot;copyright&quot;:&quot;&quot;,&quot;focal_length&quot;:&quot;0&quot;,&quot;iso&quot;:&quot;0&quot;,&quot;shutter_speed&quot;:&quot;0&quot;,&quot;title&quot;:&quot;&quot;,&quot;orientation&quot;:&quot;0&quot;}\" data-image-title=\"WhatsApp Image 2021-03-26 at 16.28.01\" data-image-description=\"\" data-image-caption=\"\" data-large-file=\"https:\/\/eldiariodesanpedro.com.ar\/sitio\/wp-content\/uploads\/2021\/03\/WhatsApp-Image-2021-03-26-at-16.28.01-1024x682.jpeg\" data-src=\"https:\/\/eldiariodesanpedro.com.ar\/sitio\/wp-content\/uploads\/2021\/03\/WhatsApp-Image-2021-03-26-at-16.28.01-1024x682.jpeg\" alt=\"\" class=\"wp-image-89847 lazyload\" data-srcset=\"https:\/\/eldiariodesanpedro.com.ar\/sitio\/wp-content\/uploads\/2021\/03\/WhatsApp-Image-2021-03-26-at-16.28.01-1024x682.jpeg 1024w, https:\/\/eldiariodesanpedro.com.ar\/sitio\/wp-content\/uploads\/2021\/03\/WhatsApp-Image-2021-03-26-at-16.28.01-300x200.jpeg 300w, https:\/\/eldiariodesanpedro.com.ar\/sitio\/wp-content\/uploads\/2021\/03\/WhatsApp-Image-2021-03-26-at-16.28.01-768x512.jpeg 768w, https:\/\/eldiariodesanpedro.com.ar\/sitio\/wp-content\/uploads\/2021\/03\/WhatsApp-Image-2021-03-26-at-16.28.01.jpeg 1280w\" data-sizes=\"(max-width: 1024px) 100vw, 1024px\" src=\"data:image\/svg+xml;base64,PHN2ZyB3aWR0aD0iMSIgaGVpZ2h0PSIxIiB4bWxucz0iaHR0cDovL3d3dy53My5vcmcvMjAwMC9zdmciPjwvc3ZnPg==\" style=\"--smush-placeholder-width: 1024px; --smush-placeholder-aspect-ratio: 1024\/682;\" \/><\/figure>\n","protected":false},"excerpt":{"rendered":"<p>El Intendente Municipal Cecilio Salazar, junto al Secretario de Obras Publicas Javier Silva y al Director de Modernizaci\u00f3n Hern\u00e1n Contreras (a cargo de la Secretar\u00eda de Coordinaci\u00f3n) participaron esta ma\u00f1ana de la firma del contrato de las obras de \u201cRehabilitaci\u00f3n y Conservaci\u00f3n de Rutas Provinciales: Reconstrucci\u00f3n de losas de hormig\u00f3n en Jurisdicci\u00f3n del Departamento Zonal [&hellip;]<\/p>\n","protected":false},"author":4,"featured_media":89846,"comment_status":"open","ping_status":"closed","sticky":false,"template":"","format":"standard","meta":{"om_disable_all_campaigns":false,"_jetpack_memberships_contains_paid_content":false,"footnotes":""},"categories":[50,101,2],"tags":[],"class_list":["post-89843","post","type-post","status-publish","format-standard","has-post-thumbnail","hentry","category-destacadas","category-interes-general-locales","category-locales"],"aioseo_notices":[],"gutentor_comment":0,"jetpack_featured_media_url":"https:\/\/eldiariodesanpedro.com.ar\/sitio\/wp-content\/uploads\/2021\/03\/WhatsApp-Image-2021-03-26-at-16.28.00.jpeg","jetpack_shortlink":"https:\/\/wp.me\/p6RhLt-nn5","jetpack_sharing_enabled":true,"_links":{"self":[{"href":"https:\/\/eldiariodesanpedro.com.ar\/sitio\/wp-json\/wp\/v2\/posts\/89843","targetHints":{"allow":["GET"]}}],"collection":[{"href":"https:\/\/eldiariodesanpedro.com.ar\/sitio\/wp-json\/wp\/v2\/posts"}],"about":[{"href":"https:\/\/eldiariodesanpedro.com.ar\/sitio\/wp-json\/wp\/v2\/types\/post"}],"author":[{"embeddable":true,"href":"https:\/\/eldiariodesanpedro.com.ar\/sitio\/wp-json\/wp\/v2\/users\/4"}],"replies":[{"embeddable":true,"href":"https:\/\/eldiariodesanpedro.com.ar\/sitio\/wp-json\/wp\/v2\/comments?post=89843"}],"version-history":[{"count":1,"href":"https:\/\/eldiariodesanpedro.com.ar\/sitio\/wp-json\/wp\/v2\/posts\/89843\/revisions"}],"predecessor-version":[{"id":89848,"href":"https:\/\/eldiariodesanpedro.com.ar\/sitio\/wp-json\/wp\/v2\/posts\/89843\/revisions\/89848"}],"wp:featuredmedia":[{"embeddable":true,"href":"https:\/\/eldiariodesanpedro.com.ar\/sitio\/wp-json\/wp\/v2\/media\/89846"}],"wp:attachment":[{"href":"https:\/\/eldiariodesanpedro.com.ar\/sitio\/wp-json\/wp\/v2\/media?parent=89843"}],"wp:term":[{"taxonomy":"category","embeddable":true,"href":"https:\/\/eldiariodesanpedro.com.ar\/sitio\/wp-json\/wp\/v2\/categories?post=89843"},{"taxonomy":"post_tag","embeddable":true,"href":"https:\/\/eldiariodesanpedro.com.ar\/sitio\/wp-json\/wp\/v2\/tags?post=89843"}],"curies":[{"name":"wp","href":"https:\/\/api.w.org\/{rel}","templated":true}]}}