{"id":8984,"date":"2016-10-19T11:14:55","date_gmt":"2016-10-19T14:14:55","guid":{"rendered":"https:\/\/eldiariodesanpedro.com.ar\/sitio\/?p=8984"},"modified":"2016-10-19T11:18:54","modified_gmt":"2016-10-19T14:18:54","slug":"gran-exito-del-coaching-dictado-por-la-camara-argentina-de-comercio","status":"publish","type":"post","link":"https:\/\/eldiariodesanpedro.com.ar\/sitio\/gran-exito-del-coaching-dictado-por-la-camara-argentina-de-comercio\/","title":{"rendered":"Gran \u00e9xito del Coaching dictado por la C\u00e1mara Argentina de Comercio"},"content":{"rendered":"<p><!-- VideographyWP Plugin Message: Automatic video embedding prevented by plugin options. --><br \/>\nCon capacidad colmada y m\u00e1s de 80 participantes que obligaron a cerrar la inscripci\u00f3n varios d\u00edas antes, se concret\u00f3 anoche en nuestra entidad la capacitaci\u00f3n sobre Coaching dictada por un especialista en el tema, enviado por la C\u00e1mara Argentina de Comercio.<br \/>\nLa actividad no arancelada y enmarcada en las habituales jornadas que desde el Centro de Comercio se proponen a la comunidad, surgi\u00f3 tras una encuesta que desde la entidad se lanz\u00f3 a mediados del a\u00f1o cuando la C\u00e1mara puso a disposici\u00f3n una lista de temas posibles.<\/p>\n<p>Comerciantes, estudiantes, empresarios, empleados y dirigentes de diferentes organizaciones asistieron a esta actividad que se extendi\u00f3 durante tres horas y que seguramente habr\u00e1 servido para mejorar la calidad del espacio laboral en muchos aspectos.<\/p>\n<p>La bienvenida a los participantes estuvo a cargo del Tesorero de la entidad Ricardo Ferrari y el curso fue dictado por Gustavo Moguilevsky, Doctor en Ciencias de la Administraci\u00f3n (U. de Belgrano), Mag\u00edster en Periodismo (Columbia University \/ U. de San Andr\u00e9s), Licenciado en Administraci\u00f3n (UADE), Periodista de Radio y TV (ISER) y Periodista (Inst. Grafot\u00e9cnico).<\/p>\n<p>El Centro de Comercio e Industria agradece la respuesta recibida e invita a seguir de cerca la agenda de actividades que se siguen proponiendo de manera abierta a toda la comunidad. &#8211; <\/p>\n<div data-carousel-extra='{&quot;blog_id&quot;:1,&quot;permalink&quot;:&quot;https:\/\/eldiariodesanpedro.com.ar\/sitio\/gran-exito-del-coaching-dictado-por-la-camara-argentina-de-comercio\/&quot;}' id='gallery-1' class='gallery galleryid-8984 gallery-columns-2 gallery-size-large'><figure class='gallery-item'>\n\t\t\t<div class='gallery-icon landscape'>\n\t\t\t\t<a href='https:\/\/eldiariodesanpedro.com.ar\/sitio\/gran-exito-del-coaching-dictado-por-la-camara-argentina-de-comercio\/coach1\/'><img decoding=\"async\" width=\"640\" height=\"359\" data-src=\"https:\/\/eldiariodesanpedro.com.ar\/sitio\/wp-content\/uploads\/2016\/10\/coach1-1024x575.jpg\" class=\"attachment-large size-large lazyload\" alt=\"El Diario de San Pedro | Noticias locales y regionales\" data-srcset=\"https:\/\/eldiariodesanpedro.com.ar\/sitio\/wp-content\/uploads\/2016\/10\/coach1-1024x575.jpg 1024w, https:\/\/eldiariodesanpedro.com.ar\/sitio\/wp-content\/uploads\/2016\/10\/coach1-300x169.jpg 300w, https:\/\/eldiariodesanpedro.com.ar\/sitio\/wp-content\/uploads\/2016\/10\/coach1-768x431.jpg 768w, https:\/\/eldiariodesanpedro.com.ar\/sitio\/wp-content\/uploads\/2016\/10\/coach1.jpg 1280w\" data-sizes=\"(max-width: 640px) 100vw, 640px\" data-attachment-id=\"8986\" data-permalink=\"https:\/\/eldiariodesanpedro.com.ar\/sitio\/gran-exito-del-coaching-dictado-por-la-camara-argentina-de-comercio\/coach1\/\" data-orig-file=\"https:\/\/eldiariodesanpedro.com.ar\/sitio\/wp-content\/uploads\/2016\/10\/coach1.jpg\" data-orig-size=\"1280,719\" data-comments-opened=\"1\" data-image-meta=\"{&quot;aperture&quot;:&quot;0&quot;,&quot;credit&quot;:&quot;&quot;,&quot;camera&quot;:&quot;&quot;,&quot;caption&quot;:&quot;&quot;,&quot;created_timestamp&quot;:&quot;0&quot;,&quot;copyright&quot;:&quot;&quot;,&quot;focal_length&quot;:&quot;0&quot;,&quot;iso&quot;:&quot;0&quot;,&quot;shutter_speed&quot;:&quot;0&quot;,&quot;title&quot;:&quot;&quot;,&quot;orientation&quot;:&quot;0&quot;}\" data-image-title=\"coach1\" data-image-description=\"\" data-image-caption=\"\" data-large-file=\"https:\/\/eldiariodesanpedro.com.ar\/sitio\/wp-content\/uploads\/2016\/10\/coach1-1024x575.jpg\" src=\"data:image\/svg+xml;base64,PHN2ZyB3aWR0aD0iMSIgaGVpZ2h0PSIxIiB4bWxucz0iaHR0cDovL3d3dy53My5vcmcvMjAwMC9zdmciPjwvc3ZnPg==\" style=\"--smush-placeholder-width: 640px; --smush-placeholder-aspect-ratio: 640\/359;\" \/><\/a>\n\t\t\t<\/div><\/figure><figure class='gallery-item'>\n\t\t\t<div class='gallery-icon landscape'>\n\t\t\t\t<a href='https:\/\/eldiariodesanpedro.com.ar\/sitio\/gran-exito-del-coaching-dictado-por-la-camara-argentina-de-comercio\/coach2\/'><img decoding=\"async\" width=\"640\" height=\"359\" data-src=\"https:\/\/eldiariodesanpedro.com.ar\/sitio\/wp-content\/uploads\/2016\/10\/coach2-1024x575.jpg\" class=\"attachment-large size-large lazyload\" alt=\"El Diario de San Pedro | Noticias locales y regionales\" data-srcset=\"https:\/\/eldiariodesanpedro.com.ar\/sitio\/wp-content\/uploads\/2016\/10\/coach2-1024x575.jpg 1024w, https:\/\/eldiariodesanpedro.com.ar\/sitio\/wp-content\/uploads\/2016\/10\/coach2-300x169.jpg 300w, https:\/\/eldiariodesanpedro.com.ar\/sitio\/wp-content\/uploads\/2016\/10\/coach2-768x431.jpg 768w, https:\/\/eldiariodesanpedro.com.ar\/sitio\/wp-content\/uploads\/2016\/10\/coach2.jpg 1280w\" data-sizes=\"(max-width: 640px) 100vw, 640px\" data-attachment-id=\"8987\" data-permalink=\"https:\/\/eldiariodesanpedro.com.ar\/sitio\/gran-exito-del-coaching-dictado-por-la-camara-argentina-de-comercio\/coach2\/\" data-orig-file=\"https:\/\/eldiariodesanpedro.com.ar\/sitio\/wp-content\/uploads\/2016\/10\/coach2.jpg\" data-orig-size=\"1280,719\" data-comments-opened=\"1\" data-image-meta=\"{&quot;aperture&quot;:&quot;0&quot;,&quot;credit&quot;:&quot;&quot;,&quot;camera&quot;:&quot;&quot;,&quot;caption&quot;:&quot;&quot;,&quot;created_timestamp&quot;:&quot;0&quot;,&quot;copyright&quot;:&quot;&quot;,&quot;focal_length&quot;:&quot;0&quot;,&quot;iso&quot;:&quot;0&quot;,&quot;shutter_speed&quot;:&quot;0&quot;,&quot;title&quot;:&quot;&quot;,&quot;orientation&quot;:&quot;0&quot;}\" data-image-title=\"coach2\" data-image-description=\"\" data-image-caption=\"\" data-large-file=\"https:\/\/eldiariodesanpedro.com.ar\/sitio\/wp-content\/uploads\/2016\/10\/coach2-1024x575.jpg\" src=\"data:image\/svg+xml;base64,PHN2ZyB3aWR0aD0iMSIgaGVpZ2h0PSIxIiB4bWxucz0iaHR0cDovL3d3dy53My5vcmcvMjAwMC9zdmciPjwvc3ZnPg==\" style=\"--smush-placeholder-width: 640px; --smush-placeholder-aspect-ratio: 640\/359;\" \/><\/a>\n\t\t\t<\/div><\/figure>\n\t\t<\/div>\n\n","protected":false},"excerpt":{"rendered":"<p>Con capacidad colmada y m\u00e1s de 80 participantes que obligaron a cerrar la inscripci\u00f3n varios d\u00edas antes, se concret\u00f3 anoche en nuestra entidad la capacitaci\u00f3n sobre Coaching dictada por un especialista en el tema, enviado por la C\u00e1mara Argentina de Comercio. La actividad no arancelada y enmarcada en las habituales jornadas que desde el Centro [&hellip;]<\/p>\n","protected":false},"author":4,"featured_media":8985,"comment_status":"open","ping_status":"closed","sticky":false,"template":"","format":"standard","meta":{"om_disable_all_campaigns":false,"_jetpack_memberships_contains_paid_content":false,"footnotes":""},"categories":[101,2],"tags":[],"class_list":["post-8984","post","type-post","status-publish","format-standard","has-post-thumbnail","hentry","category-interes-general-locales","category-locales"],"aioseo_notices":[],"gutentor_comment":0,"jetpack_featured_media_url":"https:\/\/eldiariodesanpedro.com.ar\/sitio\/wp-content\/uploads\/2016\/10\/coach3.jpg","jetpack_shortlink":"https:\/\/wp.me\/p6RhLt-2kU","jetpack_sharing_enabled":true,"_links":{"self":[{"href":"https:\/\/eldiariodesanpedro.com.ar\/sitio\/wp-json\/wp\/v2\/posts\/8984","targetHints":{"allow":["GET"]}}],"collection":[{"href":"https:\/\/eldiariodesanpedro.com.ar\/sitio\/wp-json\/wp\/v2\/posts"}],"about":[{"href":"https:\/\/eldiariodesanpedro.com.ar\/sitio\/wp-json\/wp\/v2\/types\/post"}],"author":[{"embeddable":true,"href":"https:\/\/eldiariodesanpedro.com.ar\/sitio\/wp-json\/wp\/v2\/users\/4"}],"replies":[{"embeddable":true,"href":"https:\/\/eldiariodesanpedro.com.ar\/sitio\/wp-json\/wp\/v2\/comments?post=8984"}],"version-history":[{"count":2,"href":"https:\/\/eldiariodesanpedro.com.ar\/sitio\/wp-json\/wp\/v2\/posts\/8984\/revisions"}],"predecessor-version":[{"id":8989,"href":"https:\/\/eldiariodesanpedro.com.ar\/sitio\/wp-json\/wp\/v2\/posts\/8984\/revisions\/8989"}],"wp:featuredmedia":[{"embeddable":true,"href":"https:\/\/eldiariodesanpedro.com.ar\/sitio\/wp-json\/wp\/v2\/media\/8985"}],"wp:attachment":[{"href":"https:\/\/eldiariodesanpedro.com.ar\/sitio\/wp-json\/wp\/v2\/media?parent=8984"}],"wp:term":[{"taxonomy":"category","embeddable":true,"href":"https:\/\/eldiariodesanpedro.com.ar\/sitio\/wp-json\/wp\/v2\/categories?post=8984"},{"taxonomy":"post_tag","embeddable":true,"href":"https:\/\/eldiariodesanpedro.com.ar\/sitio\/wp-json\/wp\/v2\/tags?post=8984"}],"curies":[{"name":"wp","href":"https:\/\/api.w.org\/{rel}","templated":true}]}}