{"id":89833,"date":"2021-03-26T10:55:21","date_gmt":"2021-03-26T13:55:21","guid":{"rendered":"https:\/\/eldiariodesanpedro.com.ar\/sitio\/?p=89833"},"modified":"2021-03-26T10:55:27","modified_gmt":"2021-03-26T13:55:27","slug":"desde-el-ccit-se-pondra-en-marcha-un-hospital-pyme","status":"publish","type":"post","link":"https:\/\/eldiariodesanpedro.com.ar\/sitio\/desde-el-ccit-se-pondra-en-marcha-un-hospital-pyme\/","title":{"rendered":"Desde el CCIT se pondr\u00e1 en marcha un \u201cHospital Pyme\u201d"},"content":{"rendered":"<!-- VideographyWP Plugin Message: Automatic video embedding prevented by plugin options. -->\n\n<p>Con el lema \u201cescuchar a los protagonistas y planificar un futuro de desarrollo empresarial acorde al contexto actual\u201d, el jueves 25 de marzo, el Presidente del Centro de Comercio, Industria y Turismo de la Ciudad de San Pedro recibi\u00f3 a representantes del sector textil, inmobiliario y gastron\u00f3mico, quienes fueron invitados en el marco de una serie de encuentros que est\u00e1 llevando a cabo la entidad todos los jueves a las 8:30 hs.<\/p>\n\n\n\n<p>Desde principios de a\u00f1o, se vienen llevando a cabo este tipo de encuentros que han sido muy productivos, a los que han asistido empresarios y gerentes de empresas sampedrinas, as\u00ed como tambi\u00e9n propietarios de Pymes. En esta oportunidad, estuvieron presentes representantes del rubro inmobiliario, del rubro textil y del rubro gastron\u00f3mico.<\/p>\n\n\n\n<p>Entre las inquietudes y propuestas presentadas, cabe destacar la necesidad de una modernizaci\u00f3n del \u00e1rea de control de comercios, capacitaci\u00f3n para la creaci\u00f3n de nuevas empresas y comercios, dise\u00f1o de un programa de desarrollo de proveedores para negociar asociativamente, alentar a quienes cumplen con sus obligaciones, proponer acciones concretas para que todos puedan producir y trabajar en el marco de un proyecto integrador y de desarrollo territorial.<\/p>\n\n\n\n<p>Adem\u00e1s, coincidieron que San Pedro tiene la capacidad y la potencialidad y que \u201cexiste predisposici\u00f3n a contribuir al cambio\u201d que permita consensuar caminos alternativos para salir de la crisis, por lo cual \u201chay que trabajar de manera conjunta y de manera coordinada en ello\u201d.<\/p>\n\n\n\n<p><strong>\u00bfQui\u00e9nes pueden participar en los desayunos de trabajo?<\/strong><\/p>\n\n\n\n<p>Comerciantes, empresarios, emprendedores, profesionales, gerentes y socios de la entidad en general, que quieran compartir la problem\u00e1tica que vive su sector en el contexto de pandemia y proponer ideas, propuestas y sugerencias para el crecimiento de la ciudad.<\/p>\n\n\n\n<p>Quienes est\u00e9n interesados pueden comunicarse al&nbsp;<strong>3329 599000.<\/strong><\/p>\n","protected":false},"excerpt":{"rendered":"<p>Con el lema \u201cescuchar a los protagonistas y planificar un futuro de desarrollo empresarial acorde al contexto actual\u201d, el jueves 25 de marzo, el Presidente del Centro de Comercio, Industria y Turismo de la Ciudad de San Pedro recibi\u00f3 a representantes del sector textil, inmobiliario y gastron\u00f3mico, quienes fueron invitados en el marco de una [&hellip;]<\/p>\n","protected":false},"author":4,"featured_media":89834,"comment_status":"open","ping_status":"closed","sticky":false,"template":"","format":"standard","meta":{"om_disable_all_campaigns":false,"_jetpack_memberships_contains_paid_content":false,"footnotes":""},"categories":[2],"tags":[],"class_list":["post-89833","post","type-post","status-publish","format-standard","has-post-thumbnail","hentry","category-locales"],"aioseo_notices":[],"gutentor_comment":0,"jetpack_featured_media_url":"https:\/\/eldiariodesanpedro.com.ar\/sitio\/wp-content\/uploads\/2021\/03\/REUNION-2503.jpg","jetpack_shortlink":"https:\/\/wp.me\/p6RhLt-nmV","jetpack_sharing_enabled":true,"_links":{"self":[{"href":"https:\/\/eldiariodesanpedro.com.ar\/sitio\/wp-json\/wp\/v2\/posts\/89833","targetHints":{"allow":["GET"]}}],"collection":[{"href":"https:\/\/eldiariodesanpedro.com.ar\/sitio\/wp-json\/wp\/v2\/posts"}],"about":[{"href":"https:\/\/eldiariodesanpedro.com.ar\/sitio\/wp-json\/wp\/v2\/types\/post"}],"author":[{"embeddable":true,"href":"https:\/\/eldiariodesanpedro.com.ar\/sitio\/wp-json\/wp\/v2\/users\/4"}],"replies":[{"embeddable":true,"href":"https:\/\/eldiariodesanpedro.com.ar\/sitio\/wp-json\/wp\/v2\/comments?post=89833"}],"version-history":[{"count":1,"href":"https:\/\/eldiariodesanpedro.com.ar\/sitio\/wp-json\/wp\/v2\/posts\/89833\/revisions"}],"predecessor-version":[{"id":89835,"href":"https:\/\/eldiariodesanpedro.com.ar\/sitio\/wp-json\/wp\/v2\/posts\/89833\/revisions\/89835"}],"wp:featuredmedia":[{"embeddable":true,"href":"https:\/\/eldiariodesanpedro.com.ar\/sitio\/wp-json\/wp\/v2\/media\/89834"}],"wp:attachment":[{"href":"https:\/\/eldiariodesanpedro.com.ar\/sitio\/wp-json\/wp\/v2\/media?parent=89833"}],"wp:term":[{"taxonomy":"category","embeddable":true,"href":"https:\/\/eldiariodesanpedro.com.ar\/sitio\/wp-json\/wp\/v2\/categories?post=89833"},{"taxonomy":"post_tag","embeddable":true,"href":"https:\/\/eldiariodesanpedro.com.ar\/sitio\/wp-json\/wp\/v2\/tags?post=89833"}],"curies":[{"name":"wp","href":"https:\/\/api.w.org\/{rel}","templated":true}]}}