{"id":89831,"date":"2021-03-26T10:45:25","date_gmt":"2021-03-26T13:45:25","guid":{"rendered":"https:\/\/eldiariodesanpedro.com.ar\/sitio\/?p=89831"},"modified":"2021-03-26T10:45:29","modified_gmt":"2021-03-26T13:45:29","slug":"edicto-de-sucesion-de-gregorio-daniel-camacho","status":"publish","type":"post","link":"https:\/\/eldiariodesanpedro.com.ar\/sitio\/edicto-de-sucesion-de-gregorio-daniel-camacho\/","title":{"rendered":"Edicto de Sucesi\u00f3n de Gregorio Daniel Camacho"},"content":{"rendered":"<!-- VideographyWP Plugin Message: Automatic video embedding prevented by plugin options. -->\n\n<p>El Juzgado de Paz Letrado de San Pedro (B), a cargo del Dr. Federico Ros\u00f3n, Secretar\u00eda \u00danica, , del Departamento Judicial de San Nicol\u00e1s, cita y emplaza por 30 d\u00edas a herederos y acreedores de don <strong>Gregorio Daniel Camacho<\/strong>.- San Pedro (B), 22 de Marzo de 2021.-<\/p>\n\n\n\n<p>DR. FACUNDO VELLON<br>ABOGADO SECRETARIO<\/p>\n","protected":false},"excerpt":{"rendered":"<p>El Juzgado de Paz Letrado de San Pedro (B), a cargo del Dr. Federico Ros\u00f3n, Secretar\u00eda \u00danica, , del Departamento Judicial de San Nicol\u00e1s, cita y emplaza por 30 d\u00edas a herederos y acreedores de don Gregorio Daniel Camacho.- San Pedro (B), 22 de Marzo de 2021.- DR. FACUNDO VELLONABOGADO SECRETARIO<\/p>\n","protected":false},"author":4,"featured_media":81115,"comment_status":"open","ping_status":"closed","sticky":false,"template":"","format":"standard","meta":{"om_disable_all_campaigns":false,"_jetpack_memberships_contains_paid_content":false,"footnotes":""},"categories":[676,677],"tags":[2111,2182],"class_list":["post-89831","post","type-post","status-publish","format-standard","has-post-thumbnail","hentry","category-edictos","category-edictos-sucesorios","tag-edicto-de-sucesion","tag-gregorio-daniel-camacho"],"aioseo_notices":[],"gutentor_comment":0,"jetpack_featured_media_url":"https:\/\/eldiariodesanpedro.com.ar\/sitio\/wp-content\/uploads\/2020\/09\/Poder-Judicial.jpg","jetpack_shortlink":"https:\/\/wp.me\/p6RhLt-nmT","jetpack_sharing_enabled":true,"_links":{"self":[{"href":"https:\/\/eldiariodesanpedro.com.ar\/sitio\/wp-json\/wp\/v2\/posts\/89831","targetHints":{"allow":["GET"]}}],"collection":[{"href":"https:\/\/eldiariodesanpedro.com.ar\/sitio\/wp-json\/wp\/v2\/posts"}],"about":[{"href":"https:\/\/eldiariodesanpedro.com.ar\/sitio\/wp-json\/wp\/v2\/types\/post"}],"author":[{"embeddable":true,"href":"https:\/\/eldiariodesanpedro.com.ar\/sitio\/wp-json\/wp\/v2\/users\/4"}],"replies":[{"embeddable":true,"href":"https:\/\/eldiariodesanpedro.com.ar\/sitio\/wp-json\/wp\/v2\/comments?post=89831"}],"version-history":[{"count":1,"href":"https:\/\/eldiariodesanpedro.com.ar\/sitio\/wp-json\/wp\/v2\/posts\/89831\/revisions"}],"predecessor-version":[{"id":89832,"href":"https:\/\/eldiariodesanpedro.com.ar\/sitio\/wp-json\/wp\/v2\/posts\/89831\/revisions\/89832"}],"wp:featuredmedia":[{"embeddable":true,"href":"https:\/\/eldiariodesanpedro.com.ar\/sitio\/wp-json\/wp\/v2\/media\/81115"}],"wp:attachment":[{"href":"https:\/\/eldiariodesanpedro.com.ar\/sitio\/wp-json\/wp\/v2\/media?parent=89831"}],"wp:term":[{"taxonomy":"category","embeddable":true,"href":"https:\/\/eldiariodesanpedro.com.ar\/sitio\/wp-json\/wp\/v2\/categories?post=89831"},{"taxonomy":"post_tag","embeddable":true,"href":"https:\/\/eldiariodesanpedro.com.ar\/sitio\/wp-json\/wp\/v2\/tags?post=89831"}],"curies":[{"name":"wp","href":"https:\/\/api.w.org\/{rel}","templated":true}]}}