{"id":89822,"date":"2021-03-26T10:31:13","date_gmt":"2021-03-26T13:31:13","guid":{"rendered":"https:\/\/eldiariodesanpedro.com.ar\/sitio\/?p=89822"},"modified":"2021-03-26T10:31:18","modified_gmt":"2021-03-26T13:31:18","slug":"varias-familias-asistidas-en-la-zona-de-islas","status":"publish","type":"post","link":"https:\/\/eldiariodesanpedro.com.ar\/sitio\/varias-familias-asistidas-en-la-zona-de-islas\/","title":{"rendered":"Varias familias asistidas en la zona de islas"},"content":{"rendered":"<!-- VideographyWP Plugin Message: Automatic video embedding prevented by plugin options. -->\n\n<p>La Municipalidad de San Pedro a trav\u00e9s de las Secretar\u00edas de Desarrollo Humano y Salud, con la colaboraci\u00f3n de Cruz Roja y de voluntarios que se sumaron a la iniciativa, complet\u00f3 esta semana un amplio recorrido por la zona de islas.<\/p>\n\n\n\n<p>Fueron visitadas varias familias en las zonas de Los Lobos, Isla Verde, Los Laureles, El Doradito, Canal 25 y Corte San Carlos, a las que se les brind\u00f3 asistencia alimentaria y sanitaria, se entregaron 120 bolsones de alimentos y art\u00edculos de limpieza de primera necesidad, pastillas potabilizadoras de agua, y se realizaron controles m\u00e9dicos de rutina para comprobar el buen estado de salud, especialmente de los m\u00e1s chicos, con un control de vacunas y de libretas sanitarias.<\/p>\n\n\n\n<p>Es importante llevar a cabo peri\u00f3dicamente estos recorridos para llegar a zonas de dif\u00edcil acceso y mantener contacto con toda esa poblaci\u00f3n.<\/p>\n\n\n\n<figure class=\"wp-block-image size-large\"><img decoding=\"async\" width=\"720\" height=\"540\" data-attachment-id=\"89824\" data-permalink=\"https:\/\/eldiariodesanpedro.com.ar\/sitio\/varias-familias-asistidas-en-la-zona-de-islas\/whatsapp-image-2021-03-26-at-09-45-33-2\/\" data-orig-file=\"https:\/\/eldiariodesanpedro.com.ar\/sitio\/wp-content\/uploads\/2021\/03\/WhatsApp-Image-2021-03-26-at-09.45.33-2.jpeg\" data-orig-size=\"720,540\" data-comments-opened=\"1\" data-image-meta=\"{&quot;aperture&quot;:&quot;0&quot;,&quot;credit&quot;:&quot;&quot;,&quot;camera&quot;:&quot;&quot;,&quot;caption&quot;:&quot;&quot;,&quot;created_timestamp&quot;:&quot;0&quot;,&quot;copyright&quot;:&quot;&quot;,&quot;focal_length&quot;:&quot;0&quot;,&quot;iso&quot;:&quot;0&quot;,&quot;shutter_speed&quot;:&quot;0&quot;,&quot;title&quot;:&quot;&quot;,&quot;orientation&quot;:&quot;0&quot;}\" data-image-title=\"WhatsApp Image 2021-03-26 at 09.45.33 (2)\" data-image-description=\"\" data-image-caption=\"\" data-large-file=\"https:\/\/eldiariodesanpedro.com.ar\/sitio\/wp-content\/uploads\/2021\/03\/WhatsApp-Image-2021-03-26-at-09.45.33-2.jpeg\" data-src=\"https:\/\/eldiariodesanpedro.com.ar\/sitio\/wp-content\/uploads\/2021\/03\/WhatsApp-Image-2021-03-26-at-09.45.33-2.jpeg\" alt=\"\" class=\"wp-image-89824 lazyload\" data-srcset=\"https:\/\/eldiariodesanpedro.com.ar\/sitio\/wp-content\/uploads\/2021\/03\/WhatsApp-Image-2021-03-26-at-09.45.33-2.jpeg 720w, https:\/\/eldiariodesanpedro.com.ar\/sitio\/wp-content\/uploads\/2021\/03\/WhatsApp-Image-2021-03-26-at-09.45.33-2-300x225.jpeg 300w, https:\/\/eldiariodesanpedro.com.ar\/sitio\/wp-content\/uploads\/2021\/03\/WhatsApp-Image-2021-03-26-at-09.45.33-2-500x375.jpeg 500w\" data-sizes=\"(max-width: 720px) 100vw, 720px\" src=\"data:image\/svg+xml;base64,PHN2ZyB3aWR0aD0iMSIgaGVpZ2h0PSIxIiB4bWxucz0iaHR0cDovL3d3dy53My5vcmcvMjAwMC9zdmciPjwvc3ZnPg==\" style=\"--smush-placeholder-width: 720px; --smush-placeholder-aspect-ratio: 720\/540;\" \/><\/figure>\n","protected":false},"excerpt":{"rendered":"<p>La Municipalidad de San Pedro a trav\u00e9s de las Secretar\u00edas de Desarrollo Humano y Salud, con la colaboraci\u00f3n de Cruz Roja y de voluntarios que se sumaron a la iniciativa, complet\u00f3 esta semana un amplio recorrido por la zona de islas. Fueron visitadas varias familias en las zonas de Los Lobos, Isla Verde, Los Laureles, [&hellip;]<\/p>\n","protected":false},"author":4,"featured_media":89823,"comment_status":"open","ping_status":"closed","sticky":false,"template":"","format":"standard","meta":{"om_disable_all_campaigns":false,"_jetpack_memberships_contains_paid_content":false,"footnotes":""},"categories":[101,2],"tags":[],"class_list":["post-89822","post","type-post","status-publish","format-standard","has-post-thumbnail","hentry","category-interes-general-locales","category-locales"],"aioseo_notices":[],"gutentor_comment":0,"jetpack_featured_media_url":"https:\/\/eldiariodesanpedro.com.ar\/sitio\/wp-content\/uploads\/2021\/03\/WhatsApp-Image-2021-03-26-at-09.45.33-1.jpeg","jetpack_shortlink":"https:\/\/wp.me\/p6RhLt-nmK","jetpack_sharing_enabled":true,"_links":{"self":[{"href":"https:\/\/eldiariodesanpedro.com.ar\/sitio\/wp-json\/wp\/v2\/posts\/89822","targetHints":{"allow":["GET"]}}],"collection":[{"href":"https:\/\/eldiariodesanpedro.com.ar\/sitio\/wp-json\/wp\/v2\/posts"}],"about":[{"href":"https:\/\/eldiariodesanpedro.com.ar\/sitio\/wp-json\/wp\/v2\/types\/post"}],"author":[{"embeddable":true,"href":"https:\/\/eldiariodesanpedro.com.ar\/sitio\/wp-json\/wp\/v2\/users\/4"}],"replies":[{"embeddable":true,"href":"https:\/\/eldiariodesanpedro.com.ar\/sitio\/wp-json\/wp\/v2\/comments?post=89822"}],"version-history":[{"count":1,"href":"https:\/\/eldiariodesanpedro.com.ar\/sitio\/wp-json\/wp\/v2\/posts\/89822\/revisions"}],"predecessor-version":[{"id":89828,"href":"https:\/\/eldiariodesanpedro.com.ar\/sitio\/wp-json\/wp\/v2\/posts\/89822\/revisions\/89828"}],"wp:featuredmedia":[{"embeddable":true,"href":"https:\/\/eldiariodesanpedro.com.ar\/sitio\/wp-json\/wp\/v2\/media\/89823"}],"wp:attachment":[{"href":"https:\/\/eldiariodesanpedro.com.ar\/sitio\/wp-json\/wp\/v2\/media?parent=89822"}],"wp:term":[{"taxonomy":"category","embeddable":true,"href":"https:\/\/eldiariodesanpedro.com.ar\/sitio\/wp-json\/wp\/v2\/categories?post=89822"},{"taxonomy":"post_tag","embeddable":true,"href":"https:\/\/eldiariodesanpedro.com.ar\/sitio\/wp-json\/wp\/v2\/tags?post=89822"}],"curies":[{"name":"wp","href":"https:\/\/api.w.org\/{rel}","templated":true}]}}