{"id":89814,"date":"2021-03-26T09:10:10","date_gmt":"2021-03-26T12:10:10","guid":{"rendered":"https:\/\/eldiariodesanpedro.com.ar\/sitio\/?p=89814"},"modified":"2021-03-26T09:10:14","modified_gmt":"2021-03-26T12:10:14","slug":"cronograma-de-pagos-de-anses-para-hoy-viernes","status":"publish","type":"post","link":"https:\/\/eldiariodesanpedro.com.ar\/sitio\/cronograma-de-pagos-de-anses-para-hoy-viernes\/","title":{"rendered":"Cronograma de pagos de Anses para hoy viernes"},"content":{"rendered":"<!-- VideographyWP Plugin Message: Automatic video embedding prevented by plugin options. -->\n\n<p>El organismo, a cargo de la Lic. Fernanda Raverta, informa que hoy se abonan jubilaciones, pensiones y Prestaci\u00f3n por Desempleo.<\/p>\n\n\n\n<p><strong>Gratuidad de cajeros para prestaciones de la Seguridad Social<\/strong><br>Por decisi\u00f3n del Banco Central de la Rep\u00fablica Argentina (BCRA), el uso de cajeros autom\u00e1ticos seguir\u00e1 siendo gratuito para los beneficiarios y beneficiarias de la Seguridad Social: jubilaciones, pensiones y asignaciones.<\/p>\n\n\n\n<p><strong>Jubilaciones\u00a0y\u00a0pensiones\u00a0del Sistema Integrado Previsional Argentino (SIPA)<\/strong><br>Las sucursales bancarias habilitadas atender\u00e1n por ventanilla a jubilados, jubiladas, pensionados y pensionadas que tengan haberes entre\u00a0<strong>23.120 pesos<\/strong>\u00a0<strong>y 138.426 pesos\u00a0<\/strong>y susdocumentos terminen en\u00a0<strong>6\u00a0<\/strong>y<strong>\u00a07<\/strong>.<br>En este sentido, si bien estas personas no tienen que solicitar turno previo para cobrar el beneficio,\u00a0deben acercarse a la sucursal bancaria \u00fanicamente en la fecha asignada. Cabe recordar que los haberes permanecer\u00e1n depositados en sus cuentas.<\/p>\n\n\n\n<p><strong>Prestaci\u00f3n por Desempleo<\/strong><br>Hoy perciben la Prestaci\u00f3n por Desempleo las personas cuyos documentos finalicen en\u00a0<strong>4\u00a0<\/strong>y<strong>\u00a05<\/strong>.<\/p>\n","protected":false},"excerpt":{"rendered":"<p>El organismo, a cargo de la Lic. Fernanda Raverta, informa que hoy se abonan jubilaciones, pensiones y Prestaci\u00f3n por Desempleo. Gratuidad de cajeros para prestaciones de la Seguridad SocialPor decisi\u00f3n del Banco Central de la Rep\u00fablica Argentina (BCRA), el uso de cajeros autom\u00e1ticos seguir\u00e1 siendo gratuito para los beneficiarios y beneficiarias de la Seguridad Social: [&hellip;]<\/p>\n","protected":false},"author":4,"featured_media":74790,"comment_status":"open","ping_status":"closed","sticky":false,"template":"","format":"standard","meta":{"om_disable_all_campaigns":false,"_jetpack_memberships_contains_paid_content":false,"footnotes":""},"categories":[101,2],"tags":[],"class_list":["post-89814","post","type-post","status-publish","format-standard","has-post-thumbnail","hentry","category-interes-general-locales","category-locales"],"aioseo_notices":[],"gutentor_comment":0,"jetpack_featured_media_url":"https:\/\/eldiariodesanpedro.com.ar\/sitio\/wp-content\/uploads\/2020\/06\/anses-4.jpg","jetpack_shortlink":"https:\/\/wp.me\/p6RhLt-nmC","jetpack_sharing_enabled":true,"_links":{"self":[{"href":"https:\/\/eldiariodesanpedro.com.ar\/sitio\/wp-json\/wp\/v2\/posts\/89814","targetHints":{"allow":["GET"]}}],"collection":[{"href":"https:\/\/eldiariodesanpedro.com.ar\/sitio\/wp-json\/wp\/v2\/posts"}],"about":[{"href":"https:\/\/eldiariodesanpedro.com.ar\/sitio\/wp-json\/wp\/v2\/types\/post"}],"author":[{"embeddable":true,"href":"https:\/\/eldiariodesanpedro.com.ar\/sitio\/wp-json\/wp\/v2\/users\/4"}],"replies":[{"embeddable":true,"href":"https:\/\/eldiariodesanpedro.com.ar\/sitio\/wp-json\/wp\/v2\/comments?post=89814"}],"version-history":[{"count":1,"href":"https:\/\/eldiariodesanpedro.com.ar\/sitio\/wp-json\/wp\/v2\/posts\/89814\/revisions"}],"predecessor-version":[{"id":89815,"href":"https:\/\/eldiariodesanpedro.com.ar\/sitio\/wp-json\/wp\/v2\/posts\/89814\/revisions\/89815"}],"wp:featuredmedia":[{"embeddable":true,"href":"https:\/\/eldiariodesanpedro.com.ar\/sitio\/wp-json\/wp\/v2\/media\/74790"}],"wp:attachment":[{"href":"https:\/\/eldiariodesanpedro.com.ar\/sitio\/wp-json\/wp\/v2\/media?parent=89814"}],"wp:term":[{"taxonomy":"category","embeddable":true,"href":"https:\/\/eldiariodesanpedro.com.ar\/sitio\/wp-json\/wp\/v2\/categories?post=89814"},{"taxonomy":"post_tag","embeddable":true,"href":"https:\/\/eldiariodesanpedro.com.ar\/sitio\/wp-json\/wp\/v2\/tags?post=89814"}],"curies":[{"name":"wp","href":"https:\/\/api.w.org\/{rel}","templated":true}]}}