{"id":89806,"date":"2021-03-25T20:03:23","date_gmt":"2021-03-25T23:03:23","guid":{"rendered":"https:\/\/eldiariodesanpedro.com.ar\/sitio\/?p=89806"},"modified":"2021-03-25T20:03:27","modified_gmt":"2021-03-25T23:03:27","slug":"la-provincia-alerta-por-la-suba-de-casos-y-no-descarta-que-haya-que-restringir-actividades","status":"publish","type":"post","link":"https:\/\/eldiariodesanpedro.com.ar\/sitio\/la-provincia-alerta-por-la-suba-de-casos-y-no-descarta-que-haya-que-restringir-actividades\/","title":{"rendered":"La Provincia alerta por la suba de casos y no descarta que haya que restringir actividades"},"content":{"rendered":"<!-- VideographyWP Plugin Message: Automatic video embedding prevented by plugin options. -->\n\n<p>El viceministro de Salud bonaerense, Nicol\u00e1s Kreplak, advirti\u00f3 hoy sobre un aumento de contagios de coronavirus en la regi\u00f3n, pidi\u00f3 reforzar los cuidados porque \u00abla pandemia no pas\u00f3\u00bb y no descart\u00f3 que se deban volver a \u00abrestringir actividades\u00bb.<\/p>\n\n\n\n<p>El viceministro de Salud bonaerense, Nicol\u00e1s Kreplak, advirti\u00f3 hoy sobre un aumento de contagios de coronavirus en la regi\u00f3n, pidi\u00f3 reforzar los cuidados porque \u00abla pandemia no pas\u00f3\u00bb y no descart\u00f3 que se deban volver a \u00abrestringir actividades\u00bb.<\/p>\n\n\n\n<p>\u00abNuestra regi\u00f3n atraviesa la segunda ola: Uruguay en su peor momento, Brasil con el colapso sanitario m\u00e1s grande su historia, Chile pasa a cuarentena estricta y Paraguay se qued\u00f3 sin camas de terapia\u00bb, poste\u00f3 el funcionario en su cuenta de Twitter y a\u00f1adi\u00f3: \u00abLa pandemia no pas\u00f3\u00bb.<\/p>\n\n\n\n<p>Luego, plante\u00f3 que \u00abel contexto regional nos muestra un aumento r\u00e1pido y sostenido, que ya se empieza a ver en en nuestro pa\u00eds en relaci\u00f3n a meses anteriores\u00bb.<\/p>\n\n\n\n<p>En ese marco, Kreplak pidi\u00f3 \u00abreforzar los cuidados\u00bb y \u00abrespetar todos los protocolos vigentes\u00bb.<\/p>\n\n\n\n<p>El funcionario adem\u00e1s brind\u00f3 una entrevista radial, donde se\u00f1al\u00f3 que la dirigencia debe \u00abhacer todo lo posible para convencer a la gente\u00bb.<\/p>\n\n\n\n<p>\u00abHay que reducir los viajes al exterior y cuidarse m\u00e1s, pero luego vendr\u00e1n partes en que tendremos que reducir la circulaci\u00f3n probablemente y volver a tener m\u00e1s cuidado\u201d, expuso, aunque evit\u00f3 anunciar qu\u00e9 tipo de medidas se tomar\u00e1n.<\/p>\n\n\n\n<p>\u201cOjal\u00e1 que no sean masivas y gen\u00e9ricas, y sea algo m\u00e1s sectorizado\u201d, sostuvo.<\/p>\n\n\n\n<p>Con respecto al movimiento tur\u00edstico que generar\u00e1 el receso de Semana Santa, Kreplak recomend\u00f3 a la poblaci\u00f3n que viaje a sitios en los que \u201cse pueda garantizar distanciamiento, porque quiz\u00e1s por tomarse unos d\u00edas se expone a situaciones de contagio\u201d.<\/p>\n\n\n\n<p>\u201cNi hablar de las fiestas y de las reuniones sociales, no se pueden hacer encuentros de m\u00e1s de diez personas porque es realmente alto el riesgo de que haya una persona contagiada con ese n\u00famero\u201d, remarc\u00f3.<\/p>\n\n\n\n<p>Por otro lado, se refiri\u00f3 a la campa\u00f1a de vacunaci\u00f3n y dijo que \u00abestamos a punto de recibir en los pr\u00f3ximos d\u00edas un embarque importante de Sinopharm\u201d.<\/p>\n\n\n\n<p>Adem\u00e1s, se refiri\u00f3 a la estrategia de vacunar con una sola dosis primero y despu\u00e9s de unos meses dar la segunda y aclar\u00f3 que \u201cen ning\u00fan caso se habla de una sola dosis, sino que se habla de posdatar\u00bb.<\/p>\n\n\n\n<p>\u00abEstamos viendo que hay varias investigaciones que muestran que con una sola dosis lleg\u00e1s a un 95, 90, 85% de cobertura respecto de casos graves. Nosotros no buscamos inmunidad de reba\u00f1o, buscamos reducir la letalidad\u201d, explic\u00f3.<\/p>\n\n\n\n<p>\u201cLa segunda dosis se puede dar despu\u00e9s porque sirve para incrementar un poco la cantidad de anticuerpos pero sobre todo para aumentar la duraci\u00f3n de la inmunidad en meses. Para el momento que viene ahora, el invierno, una sola dosis podr\u00eda ser una estrategia razonable, basada en ciencia y en la experiencia que tenemos\u201d, resumi\u00f3<\/p>\n","protected":false},"excerpt":{"rendered":"<p>El viceministro de Salud bonaerense, Nicol\u00e1s Kreplak, advirti\u00f3 hoy sobre un aumento de contagios de coronavirus en la regi\u00f3n, pidi\u00f3 reforzar los cuidados porque \u00abla pandemia no pas\u00f3\u00bb y no descart\u00f3 que se deban volver a \u00abrestringir actividades\u00bb. El viceministro de Salud bonaerense, Nicol\u00e1s Kreplak, advirti\u00f3 hoy sobre un aumento de contagios de coronavirus en [&hellip;]<\/p>\n","protected":false},"author":4,"featured_media":89807,"comment_status":"open","ping_status":"closed","sticky":false,"template":"","format":"standard","meta":{"om_disable_all_campaigns":false,"_jetpack_memberships_contains_paid_content":false,"footnotes":""},"categories":[621],"tags":[],"class_list":["post-89806","post","type-post","status-publish","format-standard","has-post-thumbnail","hentry","category-regionales"],"aioseo_notices":[],"gutentor_comment":0,"jetpack_featured_media_url":"https:\/\/eldiariodesanpedro.com.ar\/sitio\/wp-content\/uploads\/2021\/03\/0037875305_658x400.jpg","jetpack_shortlink":"https:\/\/wp.me\/p6RhLt-nmu","jetpack_sharing_enabled":true,"_links":{"self":[{"href":"https:\/\/eldiariodesanpedro.com.ar\/sitio\/wp-json\/wp\/v2\/posts\/89806","targetHints":{"allow":["GET"]}}],"collection":[{"href":"https:\/\/eldiariodesanpedro.com.ar\/sitio\/wp-json\/wp\/v2\/posts"}],"about":[{"href":"https:\/\/eldiariodesanpedro.com.ar\/sitio\/wp-json\/wp\/v2\/types\/post"}],"author":[{"embeddable":true,"href":"https:\/\/eldiariodesanpedro.com.ar\/sitio\/wp-json\/wp\/v2\/users\/4"}],"replies":[{"embeddable":true,"href":"https:\/\/eldiariodesanpedro.com.ar\/sitio\/wp-json\/wp\/v2\/comments?post=89806"}],"version-history":[{"count":1,"href":"https:\/\/eldiariodesanpedro.com.ar\/sitio\/wp-json\/wp\/v2\/posts\/89806\/revisions"}],"predecessor-version":[{"id":89808,"href":"https:\/\/eldiariodesanpedro.com.ar\/sitio\/wp-json\/wp\/v2\/posts\/89806\/revisions\/89808"}],"wp:featuredmedia":[{"embeddable":true,"href":"https:\/\/eldiariodesanpedro.com.ar\/sitio\/wp-json\/wp\/v2\/media\/89807"}],"wp:attachment":[{"href":"https:\/\/eldiariodesanpedro.com.ar\/sitio\/wp-json\/wp\/v2\/media?parent=89806"}],"wp:term":[{"taxonomy":"category","embeddable":true,"href":"https:\/\/eldiariodesanpedro.com.ar\/sitio\/wp-json\/wp\/v2\/categories?post=89806"},{"taxonomy":"post_tag","embeddable":true,"href":"https:\/\/eldiariodesanpedro.com.ar\/sitio\/wp-json\/wp\/v2\/tags?post=89806"}],"curies":[{"name":"wp","href":"https:\/\/api.w.org\/{rel}","templated":true}]}}