{"id":89800,"date":"2021-03-25T19:54:37","date_gmt":"2021-03-25T22:54:37","guid":{"rendered":"https:\/\/eldiariodesanpedro.com.ar\/sitio\/?p=89800"},"modified":"2021-03-25T19:54:42","modified_gmt":"2021-03-25T22:54:42","slug":"capitan-sarmeinto-buscan-a-un-joven-desaparecido","status":"publish","type":"post","link":"https:\/\/eldiariodesanpedro.com.ar\/sitio\/capitan-sarmeinto-buscan-a-un-joven-desaparecido\/","title":{"rendered":"CAPITAN SARMEINTO | Buscan a un joven desaparecido"},"content":{"rendered":"<!-- VideographyWP Plugin Message: Automatic video embedding prevented by plugin options. -->\n\n<p>La Polic\u00eda de Capit\u00e1n Sarmiento inform\u00f3 sobre la desaparici\u00f3n de un vecino de 31 a\u00f1os, luego de la denuncia realizada por Susana Raquel Vallejos.<\/p>\n\n\n\n<p>Seg\u00fan la requisitoria policial para dar con su paradero, se trata de&nbsp;<strong>Franco<\/strong>&nbsp;<strong>Nicol\u00e1s Alberto Fern\u00e1ndez<\/strong>, de 31 a\u00f1os de edad. \u201cEs argentino, instruido, soltero, changar\u00edn, nacido el 30 de diciembre de 1989, en Capit\u00e1n Sarmiento, DNI 35.051.344, domiciliado en calle Urioste 1562, de este medio, con tel\u00e9fono de contacto nro. 02478-15-576077.- Resulta ser de contextura f\u00edsica delgada, de 1,80 mts, de estatura, tez morena, cabellos cortos negros.- Que al momento de ausentarse del hogar vest\u00eda bermuda con raya lateral y la escritura PUMA , remera verde, gorra roja y blanca y zapatillas marrones y blancas\u201d.<\/p>\n\n\n\n<p>CUALQUIER NOVEDAD INFORMAR DE INMEDIATO AL TEL\u00c9FONO 02478\u2013 481255, ESTACI\u00d3N DE POLIC\u00cdA COMUNAL CAPITAN SARMIENTO<\/p>\n","protected":false},"excerpt":{"rendered":"<p>La Polic\u00eda de Capit\u00e1n Sarmiento inform\u00f3 sobre la desaparici\u00f3n de un vecino de 31 a\u00f1os, luego de la denuncia realizada por Susana Raquel Vallejos. Seg\u00fan la requisitoria policial para dar con su paradero, se trata de&nbsp;Franco&nbsp;Nicol\u00e1s Alberto Fern\u00e1ndez, de 31 a\u00f1os de edad. \u201cEs argentino, instruido, soltero, changar\u00edn, nacido el 30 de diciembre de 1989, [&hellip;]<\/p>\n","protected":false},"author":4,"featured_media":89801,"comment_status":"open","ping_status":"closed","sticky":false,"template":"","format":"standard","meta":{"om_disable_all_campaigns":false,"_jetpack_memberships_contains_paid_content":false,"footnotes":""},"categories":[621],"tags":[],"class_list":["post-89800","post","type-post","status-publish","format-standard","has-post-thumbnail","hentry","category-regionales"],"aioseo_notices":[],"gutentor_comment":0,"jetpack_featured_media_url":"https:\/\/eldiariodesanpedro.com.ar\/sitio\/wp-content\/uploads\/2021\/03\/Desaparecido-Sarmiento-725x510-1.jpg","jetpack_shortlink":"https:\/\/wp.me\/p6RhLt-nmo","jetpack_sharing_enabled":true,"_links":{"self":[{"href":"https:\/\/eldiariodesanpedro.com.ar\/sitio\/wp-json\/wp\/v2\/posts\/89800","targetHints":{"allow":["GET"]}}],"collection":[{"href":"https:\/\/eldiariodesanpedro.com.ar\/sitio\/wp-json\/wp\/v2\/posts"}],"about":[{"href":"https:\/\/eldiariodesanpedro.com.ar\/sitio\/wp-json\/wp\/v2\/types\/post"}],"author":[{"embeddable":true,"href":"https:\/\/eldiariodesanpedro.com.ar\/sitio\/wp-json\/wp\/v2\/users\/4"}],"replies":[{"embeddable":true,"href":"https:\/\/eldiariodesanpedro.com.ar\/sitio\/wp-json\/wp\/v2\/comments?post=89800"}],"version-history":[{"count":1,"href":"https:\/\/eldiariodesanpedro.com.ar\/sitio\/wp-json\/wp\/v2\/posts\/89800\/revisions"}],"predecessor-version":[{"id":89802,"href":"https:\/\/eldiariodesanpedro.com.ar\/sitio\/wp-json\/wp\/v2\/posts\/89800\/revisions\/89802"}],"wp:featuredmedia":[{"embeddable":true,"href":"https:\/\/eldiariodesanpedro.com.ar\/sitio\/wp-json\/wp\/v2\/media\/89801"}],"wp:attachment":[{"href":"https:\/\/eldiariodesanpedro.com.ar\/sitio\/wp-json\/wp\/v2\/media?parent=89800"}],"wp:term":[{"taxonomy":"category","embeddable":true,"href":"https:\/\/eldiariodesanpedro.com.ar\/sitio\/wp-json\/wp\/v2\/categories?post=89800"},{"taxonomy":"post_tag","embeddable":true,"href":"https:\/\/eldiariodesanpedro.com.ar\/sitio\/wp-json\/wp\/v2\/tags?post=89800"}],"curies":[{"name":"wp","href":"https:\/\/api.w.org\/{rel}","templated":true}]}}