{"id":8980,"date":"2016-10-19T11:04:39","date_gmt":"2016-10-19T14:04:39","guid":{"rendered":"https:\/\/eldiariodesanpedro.com.ar\/sitio\/?p=8980"},"modified":"2016-10-19T11:04:39","modified_gmt":"2016-10-19T14:04:39","slug":"violencia-de-genero-en-un-hotel-alojamiento","status":"publish","type":"post","link":"https:\/\/eldiariodesanpedro.com.ar\/sitio\/violencia-de-genero-en-un-hotel-alojamiento\/","title":{"rendered":"Violencia de genero en un hotel alojamiento"},"content":{"rendered":"<p><!-- VideographyWP Plugin Message: Automatic video embedding prevented by plugin options. --><br \/>\nA pocas horas de la marcha en contra de la violencia de genero un nuevo hecho se produce en nuestra ciudad, durante el d\u00eda de ayer en el hotel alojamiento que se encuentra en calle Zanoccoli entre Mitre y Avenida Kennedy del Barrio Villa Igoillo, frente a la estaci\u00f3n de trenes, se hace presente personal policial.<\/p>\n<p>El llamado al 101 fue realizado por personal del hotel, que al escuchar gritos y golpes en una delas habitaciones decide llamar al mismo. Una vez constituidos los efectivos en el lugar corroboran que  la joven presentaba un herida cortante en el cuero cabelludo y golpes en el rostro. La victima y su pareja fueron trasladados a la comisaria. <\/p>\n<p>Despu\u00e9s de recibir las atenciones medicas y psicol\u00f3gicas la victima de las agresiones se nego completamente a realizar actuaciones legales en contra de su pareja. En su declaraci\u00f3n el golpeador habr\u00eda asumido que solo hab\u00edan discutido, el mismo fue liberado al no haber presentado ninguna denuncia de la joven golpeada.<\/p>\n","protected":false},"excerpt":{"rendered":"<p>A pocas horas de la marcha en contra de la violencia de genero un nuevo hecho se produce en nuestra ciudad, durante el d\u00eda de ayer en el hotel alojamiento que se encuentra en calle Zanoccoli entre Mitre y Avenida Kennedy del Barrio Villa Igoillo, frente a la estaci\u00f3n de trenes, se hace presente personal [&hellip;]<\/p>\n","protected":false},"author":4,"featured_media":8982,"comment_status":"open","ping_status":"closed","sticky":false,"template":"","format":"standard","meta":{"om_disable_all_campaigns":false,"_jetpack_memberships_contains_paid_content":false,"footnotes":""},"categories":[2,103],"tags":[],"class_list":["post-8980","post","type-post","status-publish","format-standard","has-post-thumbnail","hentry","category-locales","category-policiales-locales"],"aioseo_notices":[],"gutentor_comment":0,"jetpack_featured_media_url":"https:\/\/eldiariodesanpedro.com.ar\/sitio\/wp-content\/uploads\/2016\/10\/telo.jpg","jetpack_shortlink":"https:\/\/wp.me\/p6RhLt-2kQ","jetpack_sharing_enabled":true,"_links":{"self":[{"href":"https:\/\/eldiariodesanpedro.com.ar\/sitio\/wp-json\/wp\/v2\/posts\/8980","targetHints":{"allow":["GET"]}}],"collection":[{"href":"https:\/\/eldiariodesanpedro.com.ar\/sitio\/wp-json\/wp\/v2\/posts"}],"about":[{"href":"https:\/\/eldiariodesanpedro.com.ar\/sitio\/wp-json\/wp\/v2\/types\/post"}],"author":[{"embeddable":true,"href":"https:\/\/eldiariodesanpedro.com.ar\/sitio\/wp-json\/wp\/v2\/users\/4"}],"replies":[{"embeddable":true,"href":"https:\/\/eldiariodesanpedro.com.ar\/sitio\/wp-json\/wp\/v2\/comments?post=8980"}],"version-history":[{"count":1,"href":"https:\/\/eldiariodesanpedro.com.ar\/sitio\/wp-json\/wp\/v2\/posts\/8980\/revisions"}],"predecessor-version":[{"id":8983,"href":"https:\/\/eldiariodesanpedro.com.ar\/sitio\/wp-json\/wp\/v2\/posts\/8980\/revisions\/8983"}],"wp:featuredmedia":[{"embeddable":true,"href":"https:\/\/eldiariodesanpedro.com.ar\/sitio\/wp-json\/wp\/v2\/media\/8982"}],"wp:attachment":[{"href":"https:\/\/eldiariodesanpedro.com.ar\/sitio\/wp-json\/wp\/v2\/media?parent=8980"}],"wp:term":[{"taxonomy":"category","embeddable":true,"href":"https:\/\/eldiariodesanpedro.com.ar\/sitio\/wp-json\/wp\/v2\/categories?post=8980"},{"taxonomy":"post_tag","embeddable":true,"href":"https:\/\/eldiariodesanpedro.com.ar\/sitio\/wp-json\/wp\/v2\/tags?post=8980"}],"curies":[{"name":"wp","href":"https:\/\/api.w.org\/{rel}","templated":true}]}}