{"id":89797,"date":"2021-03-25T19:50:58","date_gmt":"2021-03-25T22:50:58","guid":{"rendered":"https:\/\/eldiariodesanpedro.com.ar\/sitio\/?p=89797"},"modified":"2021-03-25T19:51:02","modified_gmt":"2021-03-25T22:51:02","slug":"salto-intensa-busqueda-del-saltense-desaparecido-el-lunes","status":"publish","type":"post","link":"https:\/\/eldiariodesanpedro.com.ar\/sitio\/salto-intensa-busqueda-del-saltense-desaparecido-el-lunes\/","title":{"rendered":"SALTO | Intensa b\u00fasqueda del saltense desaparecido el lunes"},"content":{"rendered":"<!-- VideographyWP Plugin Message: Automatic video embedding prevented by plugin options. -->\n\n<p>A las 09:00 se dio inicio al rastrillaje en b\u00fasqueda de Julio \u201cCacho\u201d Romero, el hombre de 69 a\u00f1os que desapareci\u00f3 el lunes por la tarde en Salto, donde cerca de las 18:00 se fue de su casa ubicada en calle Eva Per\u00f3n, en barrio Valacco.<\/p>\n\n\n\n<p>Polic\u00eda Comunal y del CPR de la vecina ciudad, Bomberos de Salto, Cuerpo de Infanter\u00eda y la Divisi\u00f3n Canes de los bomberos de Marcos Paz y Hurlingham, con perros rastreadores, buscan dar con el paradero del hombre.<\/p>\n\n\n\n<p>El rastrillaje se centr\u00f3 esta ma\u00f1ana en inmediaciones del monte \u201cMoore\u201d, sobre la ruta 32, donde hasta la tarde de este jueves no se registraban novedades.<\/p>\n\n\n\n<p>Fuente: <a href=\"https:\/\/arrecifesnoticias.com\/policiales\/intensa-busqueda-del-saltense-desaparecido-el-lunes\/\">Arrecifes noticias<\/a><\/p>\n","protected":false},"excerpt":{"rendered":"<p>A las 09:00 se dio inicio al rastrillaje en b\u00fasqueda de Julio \u201cCacho\u201d Romero, el hombre de 69 a\u00f1os que desapareci\u00f3 el lunes por la tarde en Salto, donde cerca de las 18:00 se fue de su casa ubicada en calle Eva Per\u00f3n, en barrio Valacco. Polic\u00eda Comunal y del CPR de la vecina ciudad, [&hellip;]<\/p>\n","protected":false},"author":4,"featured_media":89798,"comment_status":"open","ping_status":"closed","sticky":false,"template":"","format":"standard","meta":{"om_disable_all_campaigns":false,"_jetpack_memberships_contains_paid_content":false,"footnotes":""},"categories":[621],"tags":[],"class_list":["post-89797","post","type-post","status-publish","format-standard","has-post-thumbnail","hentry","category-regionales"],"aioseo_notices":[],"gutentor_comment":0,"jetpack_featured_media_url":"https:\/\/eldiariodesanpedro.com.ar\/sitio\/wp-content\/uploads\/2021\/03\/Busqueda-desaparecido-Salto.jpg","jetpack_shortlink":"https:\/\/wp.me\/p6RhLt-nml","jetpack_sharing_enabled":true,"_links":{"self":[{"href":"https:\/\/eldiariodesanpedro.com.ar\/sitio\/wp-json\/wp\/v2\/posts\/89797","targetHints":{"allow":["GET"]}}],"collection":[{"href":"https:\/\/eldiariodesanpedro.com.ar\/sitio\/wp-json\/wp\/v2\/posts"}],"about":[{"href":"https:\/\/eldiariodesanpedro.com.ar\/sitio\/wp-json\/wp\/v2\/types\/post"}],"author":[{"embeddable":true,"href":"https:\/\/eldiariodesanpedro.com.ar\/sitio\/wp-json\/wp\/v2\/users\/4"}],"replies":[{"embeddable":true,"href":"https:\/\/eldiariodesanpedro.com.ar\/sitio\/wp-json\/wp\/v2\/comments?post=89797"}],"version-history":[{"count":1,"href":"https:\/\/eldiariodesanpedro.com.ar\/sitio\/wp-json\/wp\/v2\/posts\/89797\/revisions"}],"predecessor-version":[{"id":89799,"href":"https:\/\/eldiariodesanpedro.com.ar\/sitio\/wp-json\/wp\/v2\/posts\/89797\/revisions\/89799"}],"wp:featuredmedia":[{"embeddable":true,"href":"https:\/\/eldiariodesanpedro.com.ar\/sitio\/wp-json\/wp\/v2\/media\/89798"}],"wp:attachment":[{"href":"https:\/\/eldiariodesanpedro.com.ar\/sitio\/wp-json\/wp\/v2\/media?parent=89797"}],"wp:term":[{"taxonomy":"category","embeddable":true,"href":"https:\/\/eldiariodesanpedro.com.ar\/sitio\/wp-json\/wp\/v2\/categories?post=89797"},{"taxonomy":"post_tag","embeddable":true,"href":"https:\/\/eldiariodesanpedro.com.ar\/sitio\/wp-json\/wp\/v2\/tags?post=89797"}],"curies":[{"name":"wp","href":"https:\/\/api.w.org\/{rel}","templated":true}]}}