{"id":89786,"date":"2021-03-25T13:23:09","date_gmt":"2021-03-25T16:23:09","guid":{"rendered":"https:\/\/eldiariodesanpedro.com.ar\/sitio\/?p=89786"},"modified":"2021-03-25T13:25:01","modified_gmt":"2021-03-25T16:25:01","slug":"empleados-denuncian-un-posible-vaciamiento-de-la-clinica-san-pedro","status":"publish","type":"post","link":"https:\/\/eldiariodesanpedro.com.ar\/sitio\/empleados-denuncian-un-posible-vaciamiento-de-la-clinica-san-pedro\/","title":{"rendered":"Empleados denuncian un posible vaciamiento de la Cl\u00ednica San Pedro"},"content":{"rendered":"<!-- VideographyWP Plugin Message: Automatic video embedding prevented by plugin options. -->\n\n<p>Esta semana el Diario de San pedro recibi\u00f3 en su redacci\u00f3n fotograf\u00edas por parte de empleados de la Cl\u00ednica San Pedro que denuncian a los propietarios de la misma que se estar\u00edan llevando aparatolog\u00eda del lugar. En las mismas se pueden observa como sacar\u00edan art\u00edculos de la misma.<\/p>\n\n\n\n<p>Nilda Iglesias, de ATSA San Pedro se refiero al mal momento que esta pasando la Cl\u00ednica y asegura que se avizora  un posible cierre de la misma ya que los m\u00e9dicos se estar\u00edan llevando la aparatolog\u00eda. <\/p>\n\n\n\n<p>\u00abEn la Cl\u00ednica San Pedro nunca los trabajadores cobraron en tiempo y forma, hace a\u00f1os que vienen as\u00ed y cada vez se est\u00e1 agravando m\u00e1s. Estamos percibiendo que est\u00e1n sacando la aparatolog\u00eda que tienen los m\u00e9dicos adentro, y se avizora algo que ya vimos en otro lado, muy de a poco se est\u00e1 vaciando. Tenemos pruebas, videos, fotos, en donde m\u00e9dicos est\u00e1n sacando la aparatolog\u00eda\u00bb.<\/p>\n\n\n\n<p>Seg\u00fan se refiri\u00f3 la dirigente sindical en las reuniones que tuvieron con los encargados de la empresa de salud se justificaron diciendo que PAMI viene atrasado con los pagos por eso el atraso en los pagos de los sueldos.<\/p>\n\n\n\n<p>Los empleados aun no apercibieron el sueldo del mes de Febrero y ya estar\u00eda acerc\u00e1ndose el d\u00eda de cobrar el mes de marzo.<\/p>\n\n\n\n<p>Adem\u00e1s seguro que en la cl\u00ednica no se realizan nuevas inversiones para poder ofrecer otros servicios y de esta manera tener nuevos clientes.  <\/p>\n\n\n\n<p>El miedo de Iglesias es que en la cl\u00ednica trabajan mas de 55 personas que podr\u00edan llegar a quedar sin empleo.<\/p>\n","protected":false},"excerpt":{"rendered":"<p>Esta semana el Diario de San pedro recibi\u00f3 en su redacci\u00f3n fotograf\u00edas por parte de empleados de la Cl\u00ednica San Pedro que denuncian a los propietarios de la misma que se estar\u00edan llevando aparatolog\u00eda del lugar. En las mismas se pueden observa como sacar\u00edan art\u00edculos de la misma. Nilda Iglesias, de ATSA San Pedro se [&hellip;]<\/p>\n","protected":false},"author":4,"featured_media":89787,"comment_status":"open","ping_status":"closed","sticky":false,"template":"","format":"standard","meta":{"om_disable_all_campaigns":false,"_jetpack_memberships_contains_paid_content":false,"footnotes":""},"categories":[50,101,2],"tags":[],"class_list":["post-89786","post","type-post","status-publish","format-standard","has-post-thumbnail","hentry","category-destacadas","category-interes-general-locales","category-locales"],"aioseo_notices":[],"gutentor_comment":0,"jetpack_featured_media_url":"https:\/\/eldiariodesanpedro.com.ar\/sitio\/wp-content\/uploads\/2021\/03\/Sin-titulo-1-4.jpg","jetpack_shortlink":"https:\/\/wp.me\/p6RhLt-nma","jetpack_sharing_enabled":true,"_links":{"self":[{"href":"https:\/\/eldiariodesanpedro.com.ar\/sitio\/wp-json\/wp\/v2\/posts\/89786","targetHints":{"allow":["GET"]}}],"collection":[{"href":"https:\/\/eldiariodesanpedro.com.ar\/sitio\/wp-json\/wp\/v2\/posts"}],"about":[{"href":"https:\/\/eldiariodesanpedro.com.ar\/sitio\/wp-json\/wp\/v2\/types\/post"}],"author":[{"embeddable":true,"href":"https:\/\/eldiariodesanpedro.com.ar\/sitio\/wp-json\/wp\/v2\/users\/4"}],"replies":[{"embeddable":true,"href":"https:\/\/eldiariodesanpedro.com.ar\/sitio\/wp-json\/wp\/v2\/comments?post=89786"}],"version-history":[{"count":3,"href":"https:\/\/eldiariodesanpedro.com.ar\/sitio\/wp-json\/wp\/v2\/posts\/89786\/revisions"}],"predecessor-version":[{"id":89791,"href":"https:\/\/eldiariodesanpedro.com.ar\/sitio\/wp-json\/wp\/v2\/posts\/89786\/revisions\/89791"}],"wp:featuredmedia":[{"embeddable":true,"href":"https:\/\/eldiariodesanpedro.com.ar\/sitio\/wp-json\/wp\/v2\/media\/89787"}],"wp:attachment":[{"href":"https:\/\/eldiariodesanpedro.com.ar\/sitio\/wp-json\/wp\/v2\/media?parent=89786"}],"wp:term":[{"taxonomy":"category","embeddable":true,"href":"https:\/\/eldiariodesanpedro.com.ar\/sitio\/wp-json\/wp\/v2\/categories?post=89786"},{"taxonomy":"post_tag","embeddable":true,"href":"https:\/\/eldiariodesanpedro.com.ar\/sitio\/wp-json\/wp\/v2\/tags?post=89786"}],"curies":[{"name":"wp","href":"https:\/\/api.w.org\/{rel}","templated":true}]}}