{"id":89783,"date":"2021-03-25T12:16:51","date_gmt":"2021-03-25T15:16:51","guid":{"rendered":"https:\/\/eldiariodesanpedro.com.ar\/sitio\/?p=89783"},"modified":"2021-03-25T12:16:55","modified_gmt":"2021-03-25T15:16:55","slug":"en-24-hs-cayeron-alrededor-de-85-mm-de-lluvia","status":"publish","type":"post","link":"https:\/\/eldiariodesanpedro.com.ar\/sitio\/en-24-hs-cayeron-alrededor-de-85-mm-de-lluvia\/","title":{"rendered":"En 24 hs cayeron alrededor de 85 mm de lluvia"},"content":{"rendered":"<!-- VideographyWP Plugin Message: Automatic video embedding prevented by plugin options. -->\n\n<p>El mal tiempo comenz\u00f3 el d\u00eda de ayer mi\u00e9rcoles y se extendi\u00f3 hasta el d\u00eda de hoy, se prev\u00e9 que el mal tiempo continuara durante la actual jornada y en los posiblemente todo el fin de semana.<\/p>\n\n\n\n<p>Durante horas de la madrugada de este jueves comenz\u00f3 el sistema de tormentas que era advertido por el Servicio meteorol\u00f3gico nacional con fuertes precipitaciones y tormentas el\u00e9ctricas.<\/p>\n\n\n\n<p>Desde la Estaci\u00f3n Agrometeorol\u00f3gica del INTA San Pedro informaron que para las 9.00 de la ma\u00f1ana las precipitaciones registradas alcanzaron los 85 mil\u00edmetros en las \u00faltimas 24 horas.<\/p>\n\n\n\n<p>Defensa Civil y Obras P\u00fablicas est\u00e1n atendiendo las demandas y ya visitaron algunas zonas en las que el anegamiento de calles provoc\u00f3 complicaciones a los vecinos.<\/p>\n\n\n\n<p>Para la jornada de hoy continua el SMN anuncia que continuara el mal tiempo y se espera que para el d\u00eda de ma\u00f1ana se detenga la lluvia pero con el cielo cubierto, para el fin de semana se anuncian lluvias.<\/p>\n","protected":false},"excerpt":{"rendered":"<p>El mal tiempo comenz\u00f3 el d\u00eda de ayer mi\u00e9rcoles y se extendi\u00f3 hasta el d\u00eda de hoy, se prev\u00e9 que el mal tiempo continuara durante la actual jornada y en los posiblemente todo el fin de semana. Durante horas de la madrugada de este jueves comenz\u00f3 el sistema de tormentas que era advertido por el [&hellip;]<\/p>\n","protected":false},"author":4,"featured_media":89784,"comment_status":"open","ping_status":"closed","sticky":false,"template":"","format":"standard","meta":{"om_disable_all_campaigns":false,"_jetpack_memberships_contains_paid_content":false,"footnotes":""},"categories":[50,101,2],"tags":[],"class_list":["post-89783","post","type-post","status-publish","format-standard","has-post-thumbnail","hentry","category-destacadas","category-interes-general-locales","category-locales"],"aioseo_notices":[],"gutentor_comment":0,"jetpack_featured_media_url":"https:\/\/eldiariodesanpedro.com.ar\/sitio\/wp-content\/uploads\/2021\/03\/lluvia.jpg","jetpack_shortlink":"https:\/\/wp.me\/p6RhLt-nm7","jetpack_sharing_enabled":true,"_links":{"self":[{"href":"https:\/\/eldiariodesanpedro.com.ar\/sitio\/wp-json\/wp\/v2\/posts\/89783","targetHints":{"allow":["GET"]}}],"collection":[{"href":"https:\/\/eldiariodesanpedro.com.ar\/sitio\/wp-json\/wp\/v2\/posts"}],"about":[{"href":"https:\/\/eldiariodesanpedro.com.ar\/sitio\/wp-json\/wp\/v2\/types\/post"}],"author":[{"embeddable":true,"href":"https:\/\/eldiariodesanpedro.com.ar\/sitio\/wp-json\/wp\/v2\/users\/4"}],"replies":[{"embeddable":true,"href":"https:\/\/eldiariodesanpedro.com.ar\/sitio\/wp-json\/wp\/v2\/comments?post=89783"}],"version-history":[{"count":1,"href":"https:\/\/eldiariodesanpedro.com.ar\/sitio\/wp-json\/wp\/v2\/posts\/89783\/revisions"}],"predecessor-version":[{"id":89785,"href":"https:\/\/eldiariodesanpedro.com.ar\/sitio\/wp-json\/wp\/v2\/posts\/89783\/revisions\/89785"}],"wp:featuredmedia":[{"embeddable":true,"href":"https:\/\/eldiariodesanpedro.com.ar\/sitio\/wp-json\/wp\/v2\/media\/89784"}],"wp:attachment":[{"href":"https:\/\/eldiariodesanpedro.com.ar\/sitio\/wp-json\/wp\/v2\/media?parent=89783"}],"wp:term":[{"taxonomy":"category","embeddable":true,"href":"https:\/\/eldiariodesanpedro.com.ar\/sitio\/wp-json\/wp\/v2\/categories?post=89783"},{"taxonomy":"post_tag","embeddable":true,"href":"https:\/\/eldiariodesanpedro.com.ar\/sitio\/wp-json\/wp\/v2\/tags?post=89783"}],"curies":[{"name":"wp","href":"https:\/\/api.w.org\/{rel}","templated":true}]}}