{"id":89780,"date":"2021-03-25T11:59:47","date_gmt":"2021-03-25T14:59:47","guid":{"rendered":"https:\/\/eldiariodesanpedro.com.ar\/sitio\/?p=89780"},"modified":"2021-03-25T11:59:52","modified_gmt":"2021-03-25T14:59:52","slug":"un-nino-de-4-anos-atropellado-por-un-automovil","status":"publish","type":"post","link":"https:\/\/eldiariodesanpedro.com.ar\/sitio\/un-nino-de-4-anos-atropellado-por-un-automovil\/","title":{"rendered":"Un ni\u00f1o de 4 a\u00f1os atropellado por un autom\u00f3vil"},"content":{"rendered":"<!-- VideographyWP Plugin Message: Automatic video embedding prevented by plugin options. -->\n\n<p>Este mi\u00e9rcoles alrededor de las 13 hs, por motivos que se tratan de establecer en Riobamba al 100, se produce una colisi\u00f3n entre un autom\u00f3vil y un peat\u00f3n.<\/p>\n\n\n\n<p>Por lo que se pudo establecer tras averiguaciones es que el rodado Volkswagen  en el que se movilizaba una mujer de 35 a\u00f1os impacta\u00a0 a un ni\u00f1o\u00a0 identificado de 4 a\u00f1os de edad. <\/p>\n\n\n\n<p>El menor fue trasladado por el SAME y se pudo determinar que afortunadamente sufri\u00f3\u00a0lesiones de car\u00e1cter leves con escoriaciones en miembro inferior. Intervino Polic\u00eda Cient\u00edfica.<\/p>\n","protected":false},"excerpt":{"rendered":"<p>Este mi\u00e9rcoles alrededor de las 13 hs, por motivos que se tratan de establecer en Riobamba al 100, se produce una colisi\u00f3n entre un autom\u00f3vil y un peat\u00f3n. Por lo que se pudo establecer tras averiguaciones es que el rodado Volkswagen en el que se movilizaba una mujer de 35 a\u00f1os impacta\u00a0 a un ni\u00f1o\u00a0 [&hellip;]<\/p>\n","protected":false},"author":4,"featured_media":89781,"comment_status":"open","ping_status":"closed","sticky":false,"template":"","format":"standard","meta":{"om_disable_all_campaigns":false,"_jetpack_memberships_contains_paid_content":false,"footnotes":""},"categories":[2,103],"tags":[],"class_list":["post-89780","post","type-post","status-publish","format-standard","has-post-thumbnail","hentry","category-locales","category-policiales-locales"],"aioseo_notices":[],"gutentor_comment":0,"jetpack_featured_media_url":"https:\/\/eldiariodesanpedro.com.ar\/sitio\/wp-content\/uploads\/2021\/03\/WhatsApp-Image-2021-03-25-at-10.43.39.jpeg","jetpack_shortlink":"https:\/\/wp.me\/p6RhLt-nm4","jetpack_sharing_enabled":true,"_links":{"self":[{"href":"https:\/\/eldiariodesanpedro.com.ar\/sitio\/wp-json\/wp\/v2\/posts\/89780","targetHints":{"allow":["GET"]}}],"collection":[{"href":"https:\/\/eldiariodesanpedro.com.ar\/sitio\/wp-json\/wp\/v2\/posts"}],"about":[{"href":"https:\/\/eldiariodesanpedro.com.ar\/sitio\/wp-json\/wp\/v2\/types\/post"}],"author":[{"embeddable":true,"href":"https:\/\/eldiariodesanpedro.com.ar\/sitio\/wp-json\/wp\/v2\/users\/4"}],"replies":[{"embeddable":true,"href":"https:\/\/eldiariodesanpedro.com.ar\/sitio\/wp-json\/wp\/v2\/comments?post=89780"}],"version-history":[{"count":1,"href":"https:\/\/eldiariodesanpedro.com.ar\/sitio\/wp-json\/wp\/v2\/posts\/89780\/revisions"}],"predecessor-version":[{"id":89782,"href":"https:\/\/eldiariodesanpedro.com.ar\/sitio\/wp-json\/wp\/v2\/posts\/89780\/revisions\/89782"}],"wp:featuredmedia":[{"embeddable":true,"href":"https:\/\/eldiariodesanpedro.com.ar\/sitio\/wp-json\/wp\/v2\/media\/89781"}],"wp:attachment":[{"href":"https:\/\/eldiariodesanpedro.com.ar\/sitio\/wp-json\/wp\/v2\/media?parent=89780"}],"wp:term":[{"taxonomy":"category","embeddable":true,"href":"https:\/\/eldiariodesanpedro.com.ar\/sitio\/wp-json\/wp\/v2\/categories?post=89780"},{"taxonomy":"post_tag","embeddable":true,"href":"https:\/\/eldiariodesanpedro.com.ar\/sitio\/wp-json\/wp\/v2\/tags?post=89780"}],"curies":[{"name":"wp","href":"https:\/\/api.w.org\/{rel}","templated":true}]}}