{"id":89777,"date":"2021-03-25T11:55:12","date_gmt":"2021-03-25T14:55:12","guid":{"rendered":"https:\/\/eldiariodesanpedro.com.ar\/sitio\/?p=89777"},"modified":"2021-03-25T11:55:17","modified_gmt":"2021-03-25T14:55:17","slug":"baradero-robaron-en-la-estancia-don-antonio-ubicada-en-el-kilometro-117-de-ruta-9","status":"publish","type":"post","link":"https:\/\/eldiariodesanpedro.com.ar\/sitio\/baradero-robaron-en-la-estancia-don-antonio-ubicada-en-el-kilometro-117-de-ruta-9\/","title":{"rendered":"BARADERO | Robaron en la Estancia \u201cDon Antonio\u201d ubicada en el kil\u00f3metro 117 de Ruta 9"},"content":{"rendered":"<!-- VideographyWP Plugin Message: Automatic video embedding prevented by plugin options. -->\n\n<p>El hecho ocurri\u00f3 en el d\u00eda de ayer cuando el sereno se ausent\u00f3 de la estancia (dej\u00e1ndola sin medidas de seguridad) aproximadamente a las 18 horas, y al cabo de dos horas al regresar se encontr\u00f3 con que la casa estaba revuelta y del galp\u00f3n faltaban herramientas.<\/p>\n\n\n\n<p>El Jefe de la Patrulla Rural Diego Ojeda agreg\u00f3 que al entrevistar al sereno el mismo manifest\u00f3 que le pareci\u00f3 haber visto unas linternas por el campo. Motivo por el cual se mont\u00f3 un operativo para poder dar con los delincuentes, arrojando resultado negativo.<\/p>\n\n\n\n<p>El sereno manifest\u00f3 que le pareci\u00f3 ver unas linternas por lo que montamos un operativo para dar con los delincuentes, el cual dio negativo.<\/p>\n\n\n\n<p>Fuente: <a href=\"https:\/\/tulineadirecta.com\/robaron-en-la-estancia-don-antonio-ubicada-en-el-kilometro-117-de-ruta-9\/\">Tu Linea Directa<\/a><\/p>\n","protected":false},"excerpt":{"rendered":"<p>El hecho ocurri\u00f3 en el d\u00eda de ayer cuando el sereno se ausent\u00f3 de la estancia (dej\u00e1ndola sin medidas de seguridad) aproximadamente a las 18 horas, y al cabo de dos horas al regresar se encontr\u00f3 con que la casa estaba revuelta y del galp\u00f3n faltaban herramientas. El Jefe de la Patrulla Rural Diego Ojeda [&hellip;]<\/p>\n","protected":false},"author":4,"featured_media":89778,"comment_status":"open","ping_status":"closed","sticky":false,"template":"","format":"standard","meta":{"om_disable_all_campaigns":false,"_jetpack_memberships_contains_paid_content":false,"footnotes":""},"categories":[621],"tags":[],"class_list":["post-89777","post","type-post","status-publish","format-standard","has-post-thumbnail","hentry","category-regionales"],"aioseo_notices":[],"gutentor_comment":0,"jetpack_featured_media_url":"https:\/\/eldiariodesanpedro.com.ar\/sitio\/wp-content\/uploads\/2021\/03\/policia-1.jpg","jetpack_shortlink":"https:\/\/wp.me\/p6RhLt-nm1","jetpack_sharing_enabled":true,"_links":{"self":[{"href":"https:\/\/eldiariodesanpedro.com.ar\/sitio\/wp-json\/wp\/v2\/posts\/89777","targetHints":{"allow":["GET"]}}],"collection":[{"href":"https:\/\/eldiariodesanpedro.com.ar\/sitio\/wp-json\/wp\/v2\/posts"}],"about":[{"href":"https:\/\/eldiariodesanpedro.com.ar\/sitio\/wp-json\/wp\/v2\/types\/post"}],"author":[{"embeddable":true,"href":"https:\/\/eldiariodesanpedro.com.ar\/sitio\/wp-json\/wp\/v2\/users\/4"}],"replies":[{"embeddable":true,"href":"https:\/\/eldiariodesanpedro.com.ar\/sitio\/wp-json\/wp\/v2\/comments?post=89777"}],"version-history":[{"count":1,"href":"https:\/\/eldiariodesanpedro.com.ar\/sitio\/wp-json\/wp\/v2\/posts\/89777\/revisions"}],"predecessor-version":[{"id":89779,"href":"https:\/\/eldiariodesanpedro.com.ar\/sitio\/wp-json\/wp\/v2\/posts\/89777\/revisions\/89779"}],"wp:featuredmedia":[{"embeddable":true,"href":"https:\/\/eldiariodesanpedro.com.ar\/sitio\/wp-json\/wp\/v2\/media\/89778"}],"wp:attachment":[{"href":"https:\/\/eldiariodesanpedro.com.ar\/sitio\/wp-json\/wp\/v2\/media?parent=89777"}],"wp:term":[{"taxonomy":"category","embeddable":true,"href":"https:\/\/eldiariodesanpedro.com.ar\/sitio\/wp-json\/wp\/v2\/categories?post=89777"},{"taxonomy":"post_tag","embeddable":true,"href":"https:\/\/eldiariodesanpedro.com.ar\/sitio\/wp-json\/wp\/v2\/tags?post=89777"}],"curies":[{"name":"wp","href":"https:\/\/api.w.org\/{rel}","templated":true}]}}