{"id":89774,"date":"2021-03-25T11:53:33","date_gmt":"2021-03-25T14:53:33","guid":{"rendered":"https:\/\/eldiariodesanpedro.com.ar\/sitio\/?p=89774"},"modified":"2021-03-25T11:53:38","modified_gmt":"2021-03-25T14:53:38","slug":"la-cedula-verde-solo-tendra-un-ano-de-vigencia","status":"publish","type":"post","link":"https:\/\/eldiariodesanpedro.com.ar\/sitio\/la-cedula-verde-solo-tendra-un-ano-de-vigencia\/","title":{"rendered":"La c\u00e9dula verde s\u00f3lo tendr\u00e1 un a\u00f1o de vigencia"},"content":{"rendered":"<!-- VideographyWP Plugin Message: Automatic video embedding prevented by plugin options. -->\n\n<p>La DNRPA (Direcci\u00f3n Nacional de los Registros de la Propiedad Automotor y Cr\u00e9ditos Prendarios) estableci\u00f3 que a partir del 5 de abril, la c\u00e9dula de identificaci\u00f3n de autos y motor, m\u00e1s conocida como c\u00e9dula verde, tendr\u00e1 una vigencia de un a\u00f1o.<\/p>\n\n\n\n<p>Esta medida deroga la disposici\u00f3n realizada en mayo de 2019, que otorgaba una validez de 730 d\u00edas m\u00e1s (tres a\u00f1os en total). M\u00e1s all\u00e1 de la nueva normativa, la disposici\u00f3n no afectar\u00e1 aquellos titulares del registro del veh\u00edculo que tengan la c\u00e9dula en su poder o cuando se encuentren en mano de aquellos que manejen remises o taxis (tendr\u00e1 que estar autorizado).<\/p>\n\n\n\n<p>La DNRPA (Direcci\u00f3n Nacional de los Registros de la Propiedad Automotor y Cr\u00e9ditos Prendarios) estableci\u00f3 que a partir del 5 de abril, la c\u00e9dula de identificaci\u00f3n de autos y motor, m\u00e1s conocida como c\u00e9dula verde, tendr\u00e1 una vigencia de un a\u00f1o.<\/p>\n\n\n\n<p>Esta medida deroga la disposici\u00f3n realizada en mayo de 2019, que otorgaba una validez de 730 d\u00edas m\u00e1s (tres a\u00f1os en total). M\u00e1s all\u00e1 de la nueva normativa, la disposici\u00f3n no afectar\u00e1 aquellos titulares del registro del veh\u00edculo que tengan la c\u00e9dula en su poder o cuando se encuentren en mano de aquellos que manejen remises o taxis (tendr\u00e1 que estar autorizado).<\/p>\n","protected":false},"excerpt":{"rendered":"<p>La DNRPA (Direcci\u00f3n Nacional de los Registros de la Propiedad Automotor y Cr\u00e9ditos Prendarios) estableci\u00f3 que a partir del 5 de abril, la c\u00e9dula de identificaci\u00f3n de autos y motor, m\u00e1s conocida como c\u00e9dula verde, tendr\u00e1 una vigencia de un a\u00f1o. Esta medida deroga la disposici\u00f3n realizada en mayo de 2019, que otorgaba una validez [&hellip;]<\/p>\n","protected":false},"author":4,"featured_media":89775,"comment_status":"open","ping_status":"closed","sticky":false,"template":"","format":"standard","meta":{"om_disable_all_campaigns":false,"_jetpack_memberships_contains_paid_content":false,"footnotes":""},"categories":[621],"tags":[],"class_list":["post-89774","post","type-post","status-publish","format-standard","has-post-thumbnail","hentry","category-regionales"],"aioseo_notices":[],"gutentor_comment":0,"jetpack_featured_media_url":"https:\/\/eldiariodesanpedro.com.ar\/sitio\/wp-content\/uploads\/2021\/03\/no_dzbzlxjmmoj2p2sC_dula_verde.jpg","jetpack_shortlink":"https:\/\/wp.me\/p6RhLt-nlY","jetpack_sharing_enabled":true,"_links":{"self":[{"href":"https:\/\/eldiariodesanpedro.com.ar\/sitio\/wp-json\/wp\/v2\/posts\/89774","targetHints":{"allow":["GET"]}}],"collection":[{"href":"https:\/\/eldiariodesanpedro.com.ar\/sitio\/wp-json\/wp\/v2\/posts"}],"about":[{"href":"https:\/\/eldiariodesanpedro.com.ar\/sitio\/wp-json\/wp\/v2\/types\/post"}],"author":[{"embeddable":true,"href":"https:\/\/eldiariodesanpedro.com.ar\/sitio\/wp-json\/wp\/v2\/users\/4"}],"replies":[{"embeddable":true,"href":"https:\/\/eldiariodesanpedro.com.ar\/sitio\/wp-json\/wp\/v2\/comments?post=89774"}],"version-history":[{"count":1,"href":"https:\/\/eldiariodesanpedro.com.ar\/sitio\/wp-json\/wp\/v2\/posts\/89774\/revisions"}],"predecessor-version":[{"id":89776,"href":"https:\/\/eldiariodesanpedro.com.ar\/sitio\/wp-json\/wp\/v2\/posts\/89774\/revisions\/89776"}],"wp:featuredmedia":[{"embeddable":true,"href":"https:\/\/eldiariodesanpedro.com.ar\/sitio\/wp-json\/wp\/v2\/media\/89775"}],"wp:attachment":[{"href":"https:\/\/eldiariodesanpedro.com.ar\/sitio\/wp-json\/wp\/v2\/media?parent=89774"}],"wp:term":[{"taxonomy":"category","embeddable":true,"href":"https:\/\/eldiariodesanpedro.com.ar\/sitio\/wp-json\/wp\/v2\/categories?post=89774"},{"taxonomy":"post_tag","embeddable":true,"href":"https:\/\/eldiariodesanpedro.com.ar\/sitio\/wp-json\/wp\/v2\/tags?post=89774"}],"curies":[{"name":"wp","href":"https:\/\/api.w.org\/{rel}","templated":true}]}}