{"id":89771,"date":"2021-03-25T11:47:04","date_gmt":"2021-03-25T14:47:04","guid":{"rendered":"https:\/\/eldiariodesanpedro.com.ar\/sitio\/?p=89771"},"modified":"2021-03-25T11:47:08","modified_gmt":"2021-03-25T14:47:08","slug":"ramallo-se-quemo-un-transformador-en-ruta-9-km-197","status":"publish","type":"post","link":"https:\/\/eldiariodesanpedro.com.ar\/sitio\/ramallo-se-quemo-un-transformador-en-ruta-9-km-197\/","title":{"rendered":"RAMALLO | Se quem\u00f3 un transformador en ruta 9 km. 197"},"content":{"rendered":"<!-- VideographyWP Plugin Message: Automatic video embedding prevented by plugin options. -->\n\n<p>Los Bomberos Voluntarios recibieron un llamado cerca de las 6 am informando sobre un incendio de un transformador en Ruta 9 KM 197.<\/p>\n\n\n\n<p>Al lugar se dirigi\u00f3 una dotaci\u00f3n que a su llegada se encuentro con un transformador incendiado en el piso, por lo que se procedi\u00f3 al ataque hasta lograr su total extinci\u00f3n.<\/p>\n\n\n\n<p>Fuente: Ramallo City<\/p>\n","protected":false},"excerpt":{"rendered":"<p>Los Bomberos Voluntarios recibieron un llamado cerca de las 6 am informando sobre un incendio de un transformador en Ruta 9 KM 197. Al lugar se dirigi\u00f3 una dotaci\u00f3n que a su llegada se encuentro con un transformador incendiado en el piso, por lo que se procedi\u00f3 al ataque hasta lograr su total extinci\u00f3n. Fuente: [&hellip;]<\/p>\n","protected":false},"author":4,"featured_media":89772,"comment_status":"open","ping_status":"closed","sticky":false,"template":"","format":"standard","meta":{"om_disable_all_campaigns":false,"_jetpack_memberships_contains_paid_content":false,"footnotes":""},"categories":[621],"tags":[],"class_list":["post-89771","post","type-post","status-publish","format-standard","has-post-thumbnail","hentry","category-regionales"],"aioseo_notices":[],"gutentor_comment":0,"jetpack_featured_media_url":"https:\/\/eldiariodesanpedro.com.ar\/sitio\/wp-content\/uploads\/2021\/03\/transformador.jpg","jetpack_shortlink":"https:\/\/wp.me\/p6RhLt-nlV","jetpack_sharing_enabled":true,"_links":{"self":[{"href":"https:\/\/eldiariodesanpedro.com.ar\/sitio\/wp-json\/wp\/v2\/posts\/89771","targetHints":{"allow":["GET"]}}],"collection":[{"href":"https:\/\/eldiariodesanpedro.com.ar\/sitio\/wp-json\/wp\/v2\/posts"}],"about":[{"href":"https:\/\/eldiariodesanpedro.com.ar\/sitio\/wp-json\/wp\/v2\/types\/post"}],"author":[{"embeddable":true,"href":"https:\/\/eldiariodesanpedro.com.ar\/sitio\/wp-json\/wp\/v2\/users\/4"}],"replies":[{"embeddable":true,"href":"https:\/\/eldiariodesanpedro.com.ar\/sitio\/wp-json\/wp\/v2\/comments?post=89771"}],"version-history":[{"count":1,"href":"https:\/\/eldiariodesanpedro.com.ar\/sitio\/wp-json\/wp\/v2\/posts\/89771\/revisions"}],"predecessor-version":[{"id":89773,"href":"https:\/\/eldiariodesanpedro.com.ar\/sitio\/wp-json\/wp\/v2\/posts\/89771\/revisions\/89773"}],"wp:featuredmedia":[{"embeddable":true,"href":"https:\/\/eldiariodesanpedro.com.ar\/sitio\/wp-json\/wp\/v2\/media\/89772"}],"wp:attachment":[{"href":"https:\/\/eldiariodesanpedro.com.ar\/sitio\/wp-json\/wp\/v2\/media?parent=89771"}],"wp:term":[{"taxonomy":"category","embeddable":true,"href":"https:\/\/eldiariodesanpedro.com.ar\/sitio\/wp-json\/wp\/v2\/categories?post=89771"},{"taxonomy":"post_tag","embeddable":true,"href":"https:\/\/eldiariodesanpedro.com.ar\/sitio\/wp-json\/wp\/v2\/tags?post=89771"}],"curies":[{"name":"wp","href":"https:\/\/api.w.org\/{rel}","templated":true}]}}