{"id":8977,"date":"2016-10-19T10:30:30","date_gmt":"2016-10-19T13:30:30","guid":{"rendered":"https:\/\/eldiariodesanpedro.com.ar\/sitio\/?p=8977"},"modified":"2016-10-19T10:30:30","modified_gmt":"2016-10-19T13:30:30","slug":"joven-detenido-al-intentar-robar-en-un-edificio","status":"publish","type":"post","link":"https:\/\/eldiariodesanpedro.com.ar\/sitio\/joven-detenido-al-intentar-robar-en-un-edificio\/","title":{"rendered":"Joven detenido al intentar robar en un edificio"},"content":{"rendered":"<p><!-- VideographyWP Plugin Message: Automatic video embedding prevented by plugin options. --><br \/>\nAyer en horas de la tarde en el edificio ubicado en Av. 11 de septiembre y Bvar. Moreno, un joven de 14 a\u00f1os fue detenido tras violentar una puerta de un veh\u00edculo estacionado en el garage del mismo edificio.   <\/p>\n<p>El m\u00f3vil policial se hace presente al ser alertado por los vecinos quienes al ver movimientos extra\u00f1os llamaron al 101, el joven que trato de sustraer el estereo del auto fue sorprendido por el propietario del veh\u00edculo, quien lo retuvo mientras llegaban los efectivos. <\/p>\n<p>El joven fue detenido y posteriormente entregado a sus padres. <\/p>\n","protected":false},"excerpt":{"rendered":"<p>Ayer en horas de la tarde en el edificio ubicado en Av. 11 de septiembre y Bvar. Moreno, un joven de 14 a\u00f1os fue detenido tras violentar una puerta de un veh\u00edculo estacionado en el garage del mismo edificio. El m\u00f3vil policial se hace presente al ser alertado por los vecinos quienes al ver movimientos [&hellip;]<\/p>\n","protected":false},"author":4,"featured_media":8978,"comment_status":"open","ping_status":"closed","sticky":false,"template":"","format":"standard","meta":{"om_disable_all_campaigns":false,"_jetpack_memberships_contains_paid_content":false,"footnotes":""},"categories":[50,2,103],"tags":[],"class_list":["post-8977","post","type-post","status-publish","format-standard","has-post-thumbnail","hentry","category-destacadas","category-locales","category-policiales-locales"],"aioseo_notices":[],"gutentor_comment":0,"jetpack_featured_media_url":"https:\/\/eldiariodesanpedro.com.ar\/sitio\/wp-content\/uploads\/2016\/10\/edificio-11-de-sep-y-bv-moreno.jpg","jetpack_shortlink":"https:\/\/wp.me\/p6RhLt-2kN","jetpack_sharing_enabled":true,"_links":{"self":[{"href":"https:\/\/eldiariodesanpedro.com.ar\/sitio\/wp-json\/wp\/v2\/posts\/8977","targetHints":{"allow":["GET"]}}],"collection":[{"href":"https:\/\/eldiariodesanpedro.com.ar\/sitio\/wp-json\/wp\/v2\/posts"}],"about":[{"href":"https:\/\/eldiariodesanpedro.com.ar\/sitio\/wp-json\/wp\/v2\/types\/post"}],"author":[{"embeddable":true,"href":"https:\/\/eldiariodesanpedro.com.ar\/sitio\/wp-json\/wp\/v2\/users\/4"}],"replies":[{"embeddable":true,"href":"https:\/\/eldiariodesanpedro.com.ar\/sitio\/wp-json\/wp\/v2\/comments?post=8977"}],"version-history":[{"count":1,"href":"https:\/\/eldiariodesanpedro.com.ar\/sitio\/wp-json\/wp\/v2\/posts\/8977\/revisions"}],"predecessor-version":[{"id":8979,"href":"https:\/\/eldiariodesanpedro.com.ar\/sitio\/wp-json\/wp\/v2\/posts\/8977\/revisions\/8979"}],"wp:featuredmedia":[{"embeddable":true,"href":"https:\/\/eldiariodesanpedro.com.ar\/sitio\/wp-json\/wp\/v2\/media\/8978"}],"wp:attachment":[{"href":"https:\/\/eldiariodesanpedro.com.ar\/sitio\/wp-json\/wp\/v2\/media?parent=8977"}],"wp:term":[{"taxonomy":"category","embeddable":true,"href":"https:\/\/eldiariodesanpedro.com.ar\/sitio\/wp-json\/wp\/v2\/categories?post=8977"},{"taxonomy":"post_tag","embeddable":true,"href":"https:\/\/eldiariodesanpedro.com.ar\/sitio\/wp-json\/wp\/v2\/tags?post=8977"}],"curies":[{"name":"wp","href":"https:\/\/api.w.org\/{rel}","templated":true}]}}