{"id":89765,"date":"2021-03-25T11:23:27","date_gmt":"2021-03-25T14:23:27","guid":{"rendered":"https:\/\/eldiariodesanpedro.com.ar\/sitio\/?p=89765"},"modified":"2021-03-25T11:23:31","modified_gmt":"2021-03-25T14:23:31","slug":"ramallo-arrebeef-no-pago-la-quincena-tras-el-anuncio-de-la-reapertura","status":"publish","type":"post","link":"https:\/\/eldiariodesanpedro.com.ar\/sitio\/ramallo-arrebeef-no-pago-la-quincena-tras-el-anuncio-de-la-reapertura\/","title":{"rendered":"RAMALLO | ArreBeef no pag\u00f3 la quincena, tras el anuncio de la reapertura"},"content":{"rendered":"<!-- VideographyWP Plugin Message: Automatic video embedding prevented by plugin options. -->\n\n<p>Los trabajadores en huelga deber\u00edan haber cobrado este lunes, pero el dinero no fue depositado en las cuentas.<\/p>\n\n\n\n<p>En la reuni\u00f3n que se realiz\u00f3 ayer en el Ministerio de Trabajo, los representantes de la empresa dijeron que no hubo incumplimiento por parte de Arrebeef, todo el problema se origin\u00f3 por la decisi\u00f3n de cierre de la planta que fue tomada intempestivamente por un grupo inorg\u00e1nico y violento que violaron la conciliaci\u00f3n obligatoria que hab\u00eda dictado el Ministerio de Trabajo de la Naci\u00f3n. Adem\u00e1s, aclararon que se pag\u00f3 la quincena anterior sin que haya ido nadie a trabajar.<\/p>\n\n\n\n<p>Sin embargo, La Directora provincial de Negociaci\u00f3n Colectiva, Natalia Villalba Lastra, que estuvo en la reuni\u00f3n, manifest\u00f3 que la empresa debe actuar conforme a lo establecido en la Ley 10149 y su decreto reglamentario 6109\/84. En ese sentido, deber\u00eda abonar la quincena, de lo contrario podr\u00eda corresponderle alguna sanci\u00f3n.<\/p>\n\n\n\n<p>Fuente: <a href=\"http:\/\/www.metafm.com.ar\/nota\/arrebeef-no-pago-la-quincena\/4949#\">Meta FM<\/a><\/p>\n","protected":false},"excerpt":{"rendered":"<p>Los trabajadores en huelga deber\u00edan haber cobrado este lunes, pero el dinero no fue depositado en las cuentas. En la reuni\u00f3n que se realiz\u00f3 ayer en el Ministerio de Trabajo, los representantes de la empresa dijeron que no hubo incumplimiento por parte de Arrebeef, todo el problema se origin\u00f3 por la decisi\u00f3n de cierre de [&hellip;]<\/p>\n","protected":false},"author":4,"featured_media":89766,"comment_status":"open","ping_status":"closed","sticky":false,"template":"","format":"standard","meta":{"om_disable_all_campaigns":false,"_jetpack_memberships_contains_paid_content":false,"footnotes":""},"categories":[621],"tags":[],"class_list":["post-89765","post","type-post","status-publish","format-standard","has-post-thumbnail","hentry","category-regionales"],"aioseo_notices":[],"gutentor_comment":0,"jetpack_featured_media_url":"https:\/\/eldiariodesanpedro.com.ar\/sitio\/wp-content\/uploads\/2021\/03\/16165264310.jpg","jetpack_shortlink":"https:\/\/wp.me\/p6RhLt-nlP","jetpack_sharing_enabled":true,"_links":{"self":[{"href":"https:\/\/eldiariodesanpedro.com.ar\/sitio\/wp-json\/wp\/v2\/posts\/89765","targetHints":{"allow":["GET"]}}],"collection":[{"href":"https:\/\/eldiariodesanpedro.com.ar\/sitio\/wp-json\/wp\/v2\/posts"}],"about":[{"href":"https:\/\/eldiariodesanpedro.com.ar\/sitio\/wp-json\/wp\/v2\/types\/post"}],"author":[{"embeddable":true,"href":"https:\/\/eldiariodesanpedro.com.ar\/sitio\/wp-json\/wp\/v2\/users\/4"}],"replies":[{"embeddable":true,"href":"https:\/\/eldiariodesanpedro.com.ar\/sitio\/wp-json\/wp\/v2\/comments?post=89765"}],"version-history":[{"count":1,"href":"https:\/\/eldiariodesanpedro.com.ar\/sitio\/wp-json\/wp\/v2\/posts\/89765\/revisions"}],"predecessor-version":[{"id":89767,"href":"https:\/\/eldiariodesanpedro.com.ar\/sitio\/wp-json\/wp\/v2\/posts\/89765\/revisions\/89767"}],"wp:featuredmedia":[{"embeddable":true,"href":"https:\/\/eldiariodesanpedro.com.ar\/sitio\/wp-json\/wp\/v2\/media\/89766"}],"wp:attachment":[{"href":"https:\/\/eldiariodesanpedro.com.ar\/sitio\/wp-json\/wp\/v2\/media?parent=89765"}],"wp:term":[{"taxonomy":"category","embeddable":true,"href":"https:\/\/eldiariodesanpedro.com.ar\/sitio\/wp-json\/wp\/v2\/categories?post=89765"},{"taxonomy":"post_tag","embeddable":true,"href":"https:\/\/eldiariodesanpedro.com.ar\/sitio\/wp-json\/wp\/v2\/tags?post=89765"}],"curies":[{"name":"wp","href":"https:\/\/api.w.org\/{rel}","templated":true}]}}