{"id":89758,"date":"2021-03-25T11:18:38","date_gmt":"2021-03-25T14:18:38","guid":{"rendered":"https:\/\/eldiariodesanpedro.com.ar\/sitio\/?p=89758"},"modified":"2021-03-25T11:19:10","modified_gmt":"2021-03-25T14:19:10","slug":"san-nicolas-hallaron-el-cuerpo-sin-vida-de-un-hombre-en-la-via-publica","status":"publish","type":"post","link":"https:\/\/eldiariodesanpedro.com.ar\/sitio\/san-nicolas-hallaron-el-cuerpo-sin-vida-de-un-hombre-en-la-via-publica\/","title":{"rendered":"SAN NICOL\u00c1S | Hallaron el cuerpo sin vida de un hombre en la v\u00eda p\u00fablica"},"content":{"rendered":"<!-- VideographyWP Plugin Message: Automatic video embedding prevented by plugin options. -->\n\n<p>Alrededor de la una de la madrugada de este jueves fue hallado sin vida a un hombre en Rucci entre Reynoso y D\u00e1maso Vald\u00e9s. Se trata de Miguel \u00c1ngel Rodriguez de 30 a\u00f1os de edad. Se inici\u00f3 una causa por \u00abaveriguaci\u00f3n de causales de muerte\u00bb, se presume que habr\u00eda muerto electrocutado.<\/p>\n\n\n\n<p>Fuente: <a href=\"http:\/\/www.diarioelinformante.com.ar\/nota-61071_hallaron-el-cuerpo-sin-vida-de-un-hombre-en-la-va-pblica#\">Diario El Informante<\/a><\/p>\n","protected":false},"excerpt":{"rendered":"<p>Alrededor de la una de la madrugada de este jueves fue hallado sin vida a un hombre en Rucci entre Reynoso y D\u00e1maso Vald\u00e9s. Se trata de Miguel \u00c1ngel Rodriguez de 30 a\u00f1os de edad. Se inici\u00f3 una causa por \u00abaveriguaci\u00f3n de causales de muerte\u00bb, se presume que habr\u00eda muerto electrocutado. Fuente: Diario El Informante<\/p>\n","protected":false},"author":4,"featured_media":89759,"comment_status":"open","ping_status":"closed","sticky":false,"template":"","format":"standard","meta":{"om_disable_all_campaigns":false,"_jetpack_memberships_contains_paid_content":false,"footnotes":""},"categories":[621],"tags":[],"class_list":["post-89758","post","type-post","status-publish","format-standard","has-post-thumbnail","hentry","category-regionales"],"aioseo_notices":[],"gutentor_comment":0,"jetpack_featured_media_url":"https:\/\/eldiariodesanpedro.com.ar\/sitio\/wp-content\/uploads\/2021\/03\/no_2jbrivfsyzam88h0001_18834576492_20210325_093856_0000.png","jetpack_shortlink":"https:\/\/wp.me\/p6RhLt-nlI","jetpack_sharing_enabled":true,"_links":{"self":[{"href":"https:\/\/eldiariodesanpedro.com.ar\/sitio\/wp-json\/wp\/v2\/posts\/89758","targetHints":{"allow":["GET"]}}],"collection":[{"href":"https:\/\/eldiariodesanpedro.com.ar\/sitio\/wp-json\/wp\/v2\/posts"}],"about":[{"href":"https:\/\/eldiariodesanpedro.com.ar\/sitio\/wp-json\/wp\/v2\/types\/post"}],"author":[{"embeddable":true,"href":"https:\/\/eldiariodesanpedro.com.ar\/sitio\/wp-json\/wp\/v2\/users\/4"}],"replies":[{"embeddable":true,"href":"https:\/\/eldiariodesanpedro.com.ar\/sitio\/wp-json\/wp\/v2\/comments?post=89758"}],"version-history":[{"count":2,"href":"https:\/\/eldiariodesanpedro.com.ar\/sitio\/wp-json\/wp\/v2\/posts\/89758\/revisions"}],"predecessor-version":[{"id":89761,"href":"https:\/\/eldiariodesanpedro.com.ar\/sitio\/wp-json\/wp\/v2\/posts\/89758\/revisions\/89761"}],"wp:featuredmedia":[{"embeddable":true,"href":"https:\/\/eldiariodesanpedro.com.ar\/sitio\/wp-json\/wp\/v2\/media\/89759"}],"wp:attachment":[{"href":"https:\/\/eldiariodesanpedro.com.ar\/sitio\/wp-json\/wp\/v2\/media?parent=89758"}],"wp:term":[{"taxonomy":"category","embeddable":true,"href":"https:\/\/eldiariodesanpedro.com.ar\/sitio\/wp-json\/wp\/v2\/categories?post=89758"},{"taxonomy":"post_tag","embeddable":true,"href":"https:\/\/eldiariodesanpedro.com.ar\/sitio\/wp-json\/wp\/v2\/tags?post=89758"}],"curies":[{"name":"wp","href":"https:\/\/api.w.org\/{rel}","templated":true}]}}