{"id":89755,"date":"2021-03-25T11:17:11","date_gmt":"2021-03-25T14:17:11","guid":{"rendered":"https:\/\/eldiariodesanpedro.com.ar\/sitio\/?p=89755"},"modified":"2021-03-25T11:17:15","modified_gmt":"2021-03-25T14:17:15","slug":"ramallo-el-municipio-lanzo-una-nueva-carrera-universitaria-gratuita","status":"publish","type":"post","link":"https:\/\/eldiariodesanpedro.com.ar\/sitio\/ramallo-el-municipio-lanzo-una-nueva-carrera-universitaria-gratuita\/","title":{"rendered":"RAMALLO | El municipio lanz\u00f3 una nueva carrera universitaria gratuita"},"content":{"rendered":"<!-- VideographyWP Plugin Message: Automatic video embedding prevented by plugin options. -->\n\n<p>El Intendente Gustavo Peri\u00e9 y el Subsecretario de Educaci\u00f3n Juan Ignacio Gamito anunciaron que los vecinos y vecinas de Ramallo podr\u00e1n estudiar una Tecnicatura Universitaria en Qu\u00edmica, especialidad muy demandada por las empresas del Parque Industrial Comirsa.<\/p>\n\n\n\n<p>La iniciativa surge a partir de un estudio del Parque Industrial de octubre de 2020 que determin\u00f3 que las empresas han tenido que cubrir la demanda de este tipo de puestos con mano de obra de la regi\u00f3n dado que no consiguen en Ramallo aspirantes calificados, a pesar de que la legislaci\u00f3n vigente favorece y fomenta la incorporaci\u00f3n de ramallenses.<\/p>\n\n\n\n<p>\u201cHicimos un trabajo de campo industrial con los empresarios y generamos una carrera a ra\u00edz de la necesidad laboral de la regi\u00f3n. Celebramos que la subvenci\u00f3n es con el aporte municipal y tambi\u00e9n del sector privado y esperamos seguir trabajando juntos\u201d, dijo el Intendente.<\/p>\n\n\n\n<p>La carrera tiene una duraci\u00f3n de 3 a\u00f1os y ser\u00e1 dictada por la Universidad Nacional de Quilmes, libre y gratuita para los estudiantes pero se financiar\u00e1 con un formato p\u00fablico \u2013 privado, con 5 empresas del Parque aportando el 50% de la inversi\u00f3n. Con el fin de fomentar que los estudiantes ingresen y egresen para cubrir la demanda, la Municipalidad de Ramallo acord\u00f3 brindar una cursada de nivelaci\u00f3n virtual para acompa\u00f1ar el paso desde la escuela secundaria al inicio del primer cuatrimestre de la carrera, que ser\u00e1 a mitad de a\u00f1o.<\/p>\n\n\n\n<p>\u201cEl \u00e1rea de proceso ha registrado un crecimiento proyectado importante y con esta oferta vamos a estar acompa\u00f1ando esto buscando una inserci\u00f3n laboral de empleo calificado con una remuneraci\u00f3n por encima de la media. Adem\u00e1s, acordamos con la Universidad que el \u00faltimo tramo de la carrera tenga un abordaje sobre el sector industrial de Ramallo\u201d, se\u00f1al\u00f3 Gamito.<\/p>\n\n\n\n<p>Desde el inicio de la gesti\u00f3n, la prioridad de Gustavo es impulsar la generaci\u00f3n de puestos de trabajo y para ello, la educaci\u00f3n es una de las claves. Recordemos que el a\u00f1o pasado se anunci\u00f3 la creaci\u00f3n el Instituto de Formaci\u00f3n Profesional y T\u00e9cnica N\u00b0236.<\/p>\n\n\n\n<p>Adem\u00e1s, el Intendente mencion\u00f3 en conferencia de prensa que esta semana habr\u00e1 un acto de colaci\u00f3n de los alumnos que hab\u00edan iniciado sus estudios universitarios en la gesti\u00f3n anterior.<\/p>\n\n\n\n<p>El pr\u00f3ximo 1\u00b0 de abril, a las 19 horas, se realizar\u00e1 una charla informativa y el inicio de las inscripciones ser\u00e1 el 5 de abril. En\u00a0<a href=\"http:\/\/www.ramalloeducacion.com.ar\/\">www.ramalloeducacion.com.ar<\/a>\u00a0se encuentra a disposici\u00f3n el plan de estudio entre otras informaciones relevantes.<\/p>\n\n\n\n<p>Fuente: <a href=\"http:\/\/www.metafm.com.ar\/\">Meta FM<\/a><\/p>\n","protected":false},"excerpt":{"rendered":"<p>El Intendente Gustavo Peri\u00e9 y el Subsecretario de Educaci\u00f3n Juan Ignacio Gamito anunciaron que los vecinos y vecinas de Ramallo podr\u00e1n estudiar una Tecnicatura Universitaria en Qu\u00edmica, especialidad muy demandada por las empresas del Parque Industrial Comirsa. La iniciativa surge a partir de un estudio del Parque Industrial de octubre de 2020 que determin\u00f3 que [&hellip;]<\/p>\n","protected":false},"author":4,"featured_media":89756,"comment_status":"open","ping_status":"closed","sticky":false,"template":"","format":"standard","meta":{"om_disable_all_campaigns":false,"_jetpack_memberships_contains_paid_content":false,"footnotes":""},"categories":[621],"tags":[],"class_list":["post-89755","post","type-post","status-publish","format-standard","has-post-thumbnail","hentry","category-regionales"],"aioseo_notices":[],"gutentor_comment":0,"jetpack_featured_media_url":"https:\/\/eldiariodesanpedro.com.ar\/sitio\/wp-content\/uploads\/2021\/03\/16165162070.jpg","jetpack_shortlink":"https:\/\/wp.me\/p6RhLt-nlF","jetpack_sharing_enabled":true,"_links":{"self":[{"href":"https:\/\/eldiariodesanpedro.com.ar\/sitio\/wp-json\/wp\/v2\/posts\/89755","targetHints":{"allow":["GET"]}}],"collection":[{"href":"https:\/\/eldiariodesanpedro.com.ar\/sitio\/wp-json\/wp\/v2\/posts"}],"about":[{"href":"https:\/\/eldiariodesanpedro.com.ar\/sitio\/wp-json\/wp\/v2\/types\/post"}],"author":[{"embeddable":true,"href":"https:\/\/eldiariodesanpedro.com.ar\/sitio\/wp-json\/wp\/v2\/users\/4"}],"replies":[{"embeddable":true,"href":"https:\/\/eldiariodesanpedro.com.ar\/sitio\/wp-json\/wp\/v2\/comments?post=89755"}],"version-history":[{"count":1,"href":"https:\/\/eldiariodesanpedro.com.ar\/sitio\/wp-json\/wp\/v2\/posts\/89755\/revisions"}],"predecessor-version":[{"id":89757,"href":"https:\/\/eldiariodesanpedro.com.ar\/sitio\/wp-json\/wp\/v2\/posts\/89755\/revisions\/89757"}],"wp:featuredmedia":[{"embeddable":true,"href":"https:\/\/eldiariodesanpedro.com.ar\/sitio\/wp-json\/wp\/v2\/media\/89756"}],"wp:attachment":[{"href":"https:\/\/eldiariodesanpedro.com.ar\/sitio\/wp-json\/wp\/v2\/media?parent=89755"}],"wp:term":[{"taxonomy":"category","embeddable":true,"href":"https:\/\/eldiariodesanpedro.com.ar\/sitio\/wp-json\/wp\/v2\/categories?post=89755"},{"taxonomy":"post_tag","embeddable":true,"href":"https:\/\/eldiariodesanpedro.com.ar\/sitio\/wp-json\/wp\/v2\/tags?post=89755"}],"curies":[{"name":"wp","href":"https:\/\/api.w.org\/{rel}","templated":true}]}}