{"id":89752,"date":"2021-03-25T11:06:27","date_gmt":"2021-03-25T14:06:27","guid":{"rendered":"https:\/\/eldiariodesanpedro.com.ar\/sitio\/?p=89752"},"modified":"2021-03-25T11:06:31","modified_gmt":"2021-03-25T14:06:31","slug":"nueva-campana-de-recepcion-de-envases-vacios-de-fitosanitarios","status":"publish","type":"post","link":"https:\/\/eldiariodesanpedro.com.ar\/sitio\/nueva-campana-de-recepcion-de-envases-vacios-de-fitosanitarios\/","title":{"rendered":"Nueva campa\u00f1a de recepci\u00f3n de envases vac\u00edos de fitosanitarios"},"content":{"rendered":"<!-- VideographyWP Plugin Message: Automatic video embedding prevented by plugin options. -->\n\n<p>A fin de dar cumplimiento a la Ley 27279 el pr\u00f3ximo mi\u00e9rcoles 31 de marzo volver\u00e1 a repetirse la experiencia de una jornada de recepci\u00f3n de envases vac\u00edos, con una actividad promovida por la Municipalidad de San Pedro, la Fundaci\u00f3n Campo Limpio, la OPDS, y empresas vinculadas con la comercializaci\u00f3n y el uso de agroqu\u00edmicos.<\/p>\n\n\n\n<p>Tal como ocurri\u00f3 el 4 noviembre, se invita a los productores a que cumplan con este procedimiento enmarcado en la ley de gesti\u00f3n de envases vac\u00edos de fitosanitarios que tiene como esp\u00edritu regular la correcta gesti\u00f3n de los envases de agroqu\u00edmicos utilizados en la producci\u00f3n agropecuaria.<\/p>\n\n\n\n<p>Como en la oportunidad anterior se recomienda a quienes cuenten con envases para entregar en el punto de recepci\u00f3n que se instalar\u00e1 en la Estaci\u00f3n Experimental del INTA San Pedro, que reserven su lugar en http:\/\/gestion.campolimpio.org.ar\/turnos<\/p>\n\n\n\n<p>Est\u00e1 previsto que se instalen veh\u00edculos acondicionados para el traslado de los envases y proceder\u00e1 a la entrega de los certificados correspondientes a los productores. El proceso no tiene ning\u00fan costo para el productor quien s\u00f3lo debe llevar sus envases hasta el punto de encuentro.<\/p>\n\n\n\n<p>Junto a la Municipalidad a trav\u00e9s de la Secretar\u00eda de Desarrollo Econ\u00f3mico y la Direcci\u00f3n de Producci\u00f3n, la Sociedad Rural, la C\u00e1mara de viveristas, y CAPROEM, est\u00e1n difundiendo entre sus asociados la realizaci\u00f3n del evento para poder disminuir la cantidad de pl\u00e1sticos acumulados en el tiempo. La iniciativa es responsabilidad de la organizaci\u00f3n Campo Limpio con el acompa\u00f1amiento de la OPDS como organismo de aplicaci\u00f3n.<\/p>\n","protected":false},"excerpt":{"rendered":"<p>A fin de dar cumplimiento a la Ley 27279 el pr\u00f3ximo mi\u00e9rcoles 31 de marzo volver\u00e1 a repetirse la experiencia de una jornada de recepci\u00f3n de envases vac\u00edos, con una actividad promovida por la Municipalidad de San Pedro, la Fundaci\u00f3n Campo Limpio, la OPDS, y empresas vinculadas con la comercializaci\u00f3n y el uso de agroqu\u00edmicos. [&hellip;]<\/p>\n","protected":false},"author":4,"featured_media":89753,"comment_status":"open","ping_status":"closed","sticky":false,"template":"","format":"standard","meta":{"om_disable_all_campaigns":false,"_jetpack_memberships_contains_paid_content":false,"footnotes":""},"categories":[101,2],"tags":[],"class_list":["post-89752","post","type-post","status-publish","format-standard","has-post-thumbnail","hentry","category-interes-general-locales","category-locales"],"aioseo_notices":[],"gutentor_comment":0,"jetpack_featured_media_url":"https:\/\/eldiariodesanpedro.com.ar\/sitio\/wp-content\/uploads\/2021\/03\/WhatsApp-Image-2021-03-25-at-10.47.02.jpeg","jetpack_shortlink":"https:\/\/wp.me\/p6RhLt-nlC","jetpack_sharing_enabled":true,"_links":{"self":[{"href":"https:\/\/eldiariodesanpedro.com.ar\/sitio\/wp-json\/wp\/v2\/posts\/89752","targetHints":{"allow":["GET"]}}],"collection":[{"href":"https:\/\/eldiariodesanpedro.com.ar\/sitio\/wp-json\/wp\/v2\/posts"}],"about":[{"href":"https:\/\/eldiariodesanpedro.com.ar\/sitio\/wp-json\/wp\/v2\/types\/post"}],"author":[{"embeddable":true,"href":"https:\/\/eldiariodesanpedro.com.ar\/sitio\/wp-json\/wp\/v2\/users\/4"}],"replies":[{"embeddable":true,"href":"https:\/\/eldiariodesanpedro.com.ar\/sitio\/wp-json\/wp\/v2\/comments?post=89752"}],"version-history":[{"count":1,"href":"https:\/\/eldiariodesanpedro.com.ar\/sitio\/wp-json\/wp\/v2\/posts\/89752\/revisions"}],"predecessor-version":[{"id":89754,"href":"https:\/\/eldiariodesanpedro.com.ar\/sitio\/wp-json\/wp\/v2\/posts\/89752\/revisions\/89754"}],"wp:featuredmedia":[{"embeddable":true,"href":"https:\/\/eldiariodesanpedro.com.ar\/sitio\/wp-json\/wp\/v2\/media\/89753"}],"wp:attachment":[{"href":"https:\/\/eldiariodesanpedro.com.ar\/sitio\/wp-json\/wp\/v2\/media?parent=89752"}],"wp:term":[{"taxonomy":"category","embeddable":true,"href":"https:\/\/eldiariodesanpedro.com.ar\/sitio\/wp-json\/wp\/v2\/categories?post=89752"},{"taxonomy":"post_tag","embeddable":true,"href":"https:\/\/eldiariodesanpedro.com.ar\/sitio\/wp-json\/wp\/v2\/tags?post=89752"}],"curies":[{"name":"wp","href":"https:\/\/api.w.org\/{rel}","templated":true}]}}