{"id":89749,"date":"2021-03-25T11:01:30","date_gmt":"2021-03-25T14:01:30","guid":{"rendered":"https:\/\/eldiariodesanpedro.com.ar\/sitio\/?p=89749"},"modified":"2021-03-25T11:01:34","modified_gmt":"2021-03-25T14:01:34","slug":"salazar-mas-alla-de-las-especulaciones-politicas-lo-mas-importante-es-gestionar-para-san-pedro","status":"publish","type":"post","link":"https:\/\/eldiariodesanpedro.com.ar\/sitio\/salazar-mas-alla-de-las-especulaciones-politicas-lo-mas-importante-es-gestionar-para-san-pedro\/","title":{"rendered":"Salazar: \u201cM\u00e1s all\u00e1 de las especulaciones pol\u00edticas lo m\u00e1s importante es gestionar para San Pedro\u201d"},"content":{"rendered":"<!-- VideographyWP Plugin Message: Automatic video embedding prevented by plugin options. -->\n\n<p>El Intendente habl\u00f3 en el aire de FM G\u00e9nesis haciendo referencia a las reuniones mantenidas con el oficialismo nacional y provincial. A la vez reconoci\u00f3 que se disculp\u00f3 por las expresiones vertidas en contra del kirchnerismo y que lo llamaron de parte de Rodr\u00edguez Larreta. \u00a0<\/p>\n\n\n\n<p>Las que se acercan son horas decisivas en la pol\u00edtica local y principalmente para quienes est\u00e1n definiendo el futuro pol\u00edtico del sector que representan.<\/p>\n\n\n\n<p>Como es de p\u00fablico conocimiento, el oficialismo local, se desprendi\u00f3 del frente Cambiemos y es un hecho que el Partido FE recalar\u00e1 en las filas del Frente para la Victoria y solo restan detalles para que se oficialice. &nbsp;<\/p>\n\n\n\n<p>El Intendente Cecilio Salazar habl\u00f3 en el aire de FM G\u00e9nesis y se refiri\u00f3 al futuro pol\u00edtico del Partido FE, confirmando que los encuentros con los referentes del oficialismo nacional y provincial son cada vez m\u00e1s seguidos.<\/p>\n\n\n\n<p>El mandatario reconoci\u00f3 que se disculp\u00f3 por sus dichos en contra del kirchnerismo hace unos a\u00f1os atr\u00e1s, pero a la vez record\u00f3 que ya ha sucedido algo similar con otros dirigentes citando al propio Alberto Fern\u00e1ndez &nbsp;y Sergio Massa, quienes en alg\u00fan momento formaron parte del gobierno kirchnerista y terminaron renunciando. &nbsp;<\/p>\n\n\n\n<p>Tambi\u00e9n reconoci\u00f3 que allegados a Rodr\u00edguez Larreta se comunicaron \u00e9l para que se ponga en contacto con el jefe de gobierno de Caba pero \u201cya era tarde\u201d porque el Partido FE hab\u00eda tomado la decisi\u00f3n de desprenderse de Cambiemos porque ya no los ten\u00edan en cuenta. &nbsp;&nbsp;<\/p>\n\n\n\n<p>\u201cLos frentes se cierran en mayo y ah\u00ed se definir\u00e1 todo\u201d, adelant\u00f3 Salazar en el aire de FM G\u00e9nesis.<\/p>\n\n\n\n<p>\u201cYo soy un hombre del gremio, y naturalmente esas es mi ra\u00edz y el gremio ya defini\u00f3 su posici\u00f3n hacia el orden nacional. Pr\u00e1cticamente desde su misma asunci\u00f3n quien estaba a cargo de Uatre, el compa\u00f1ero Ram\u00f3n Ayala hab\u00eda decidido acercarse y desde el a\u00f1o pasado Voytenco est\u00e1 haciendo lo mismo, eso a la vez me ha permitido relacionarme a nivel provincial y nacional. Esa es la decisi\u00f3n del gremio y yo soy org\u00e1nico y disciplinado\u201d.<\/p>\n\n\n\n<p>\u201cCuando uno tiene la responsabilidad de conducir un municipio como el de San Pedro hay que evaluar muchas cosas y eso es lo que estamos haciendo en estos momentos, y adem\u00e1s creo que lo estamos logrando\u201d, destac\u00f3 Salazar.<\/p>\n\n\n\n<p>\u201cUno se debe a la poblaci\u00f3n, estoy convencido que esto hay que hacerlo, porque hay que responderle a la gente y hay que darle soluciones\u201d.<\/p>\n\n\n\n<p>\u201cM\u00e1s all\u00e1 de las especulaciones pol\u00edticas, si se est\u00e1 de un lado o si se est\u00e1 del otro, lo m\u00e1s importante es gestionar para San Pedro\u201d.<\/p>\n\n\n\n<p>\u201cSeguramente en los pr\u00f3ximos d\u00edas iremos consolidando esta relaci\u00f3n que tenemos con el gobierno nacional y provincial, hemos mantenido varias reuniones y todo va encaminado para que se concrete\u201d, afirm\u00f3 el Intendente Salazar.<\/p>\n\n\n\n<p>Fuente: <a href=\"https:\/\/www.sanpedroinforma.com.ar\/nota\/124090\/politica\/salazar-mas-alla-de-las-especulaciones-politicas-lo-mas-importante-es-gestionar-para-san-pedro.html\">San pedro Informa<\/a><\/p>\n","protected":false},"excerpt":{"rendered":"<p>El Intendente habl\u00f3 en el aire de FM G\u00e9nesis haciendo referencia a las reuniones mantenidas con el oficialismo nacional y provincial. A la vez reconoci\u00f3 que se disculp\u00f3 por las expresiones vertidas en contra del kirchnerismo y que lo llamaron de parte de Rodr\u00edguez Larreta. \u00a0 Las que se acercan son horas decisivas en la [&hellip;]<\/p>\n","protected":false},"author":4,"featured_media":89750,"comment_status":"open","ping_status":"closed","sticky":false,"template":"","format":"standard","meta":{"om_disable_all_campaigns":false,"_jetpack_memberships_contains_paid_content":false,"footnotes":""},"categories":[50,101,2],"tags":[],"class_list":["post-89749","post","type-post","status-publish","format-standard","has-post-thumbnail","hentry","category-destacadas","category-interes-general-locales","category-locales"],"aioseo_notices":[],"gutentor_comment":0,"jetpack_featured_media_url":"https:\/\/eldiariodesanpedro.com.ar\/sitio\/wp-content\/uploads\/2021\/03\/000090649.jpg","jetpack_shortlink":"https:\/\/wp.me\/p6RhLt-nlz","jetpack_sharing_enabled":true,"_links":{"self":[{"href":"https:\/\/eldiariodesanpedro.com.ar\/sitio\/wp-json\/wp\/v2\/posts\/89749","targetHints":{"allow":["GET"]}}],"collection":[{"href":"https:\/\/eldiariodesanpedro.com.ar\/sitio\/wp-json\/wp\/v2\/posts"}],"about":[{"href":"https:\/\/eldiariodesanpedro.com.ar\/sitio\/wp-json\/wp\/v2\/types\/post"}],"author":[{"embeddable":true,"href":"https:\/\/eldiariodesanpedro.com.ar\/sitio\/wp-json\/wp\/v2\/users\/4"}],"replies":[{"embeddable":true,"href":"https:\/\/eldiariodesanpedro.com.ar\/sitio\/wp-json\/wp\/v2\/comments?post=89749"}],"version-history":[{"count":1,"href":"https:\/\/eldiariodesanpedro.com.ar\/sitio\/wp-json\/wp\/v2\/posts\/89749\/revisions"}],"predecessor-version":[{"id":89751,"href":"https:\/\/eldiariodesanpedro.com.ar\/sitio\/wp-json\/wp\/v2\/posts\/89749\/revisions\/89751"}],"wp:featuredmedia":[{"embeddable":true,"href":"https:\/\/eldiariodesanpedro.com.ar\/sitio\/wp-json\/wp\/v2\/media\/89750"}],"wp:attachment":[{"href":"https:\/\/eldiariodesanpedro.com.ar\/sitio\/wp-json\/wp\/v2\/media?parent=89749"}],"wp:term":[{"taxonomy":"category","embeddable":true,"href":"https:\/\/eldiariodesanpedro.com.ar\/sitio\/wp-json\/wp\/v2\/categories?post=89749"},{"taxonomy":"post_tag","embeddable":true,"href":"https:\/\/eldiariodesanpedro.com.ar\/sitio\/wp-json\/wp\/v2\/tags?post=89749"}],"curies":[{"name":"wp","href":"https:\/\/api.w.org\/{rel}","templated":true}]}}