{"id":89746,"date":"2021-03-25T10:54:48","date_gmt":"2021-03-25T13:54:48","guid":{"rendered":"https:\/\/eldiariodesanpedro.com.ar\/sitio\/?p=89746"},"modified":"2021-03-25T10:54:53","modified_gmt":"2021-03-25T13:54:53","slug":"descubrieron-una-baldosa-para-recordar-a-patricia-hall","status":"publish","type":"post","link":"https:\/\/eldiariodesanpedro.com.ar\/sitio\/descubrieron-una-baldosa-para-recordar-a-patricia-hall\/","title":{"rendered":"Descubrieron una baldosa para recordar a Patricia Hall"},"content":{"rendered":"<!-- VideographyWP Plugin Message: Automatic video embedding prevented by plugin options. -->\n\n<p>El acto tuvo lugar en la bajada el club N\u00e1utico, organizado por la Mesa por la Memoria local. Estuvieron los\u00a0familiares de la v\u00edctima del terrorismo de Estado recordada en esta oportunidad.<\/p>\n\n\n\n<p>En el marco de las actividades por los 45 a\u00f1os del Golpe de Estado, la Mesa por la Memoria y familiares de Patricia Hall, una de las sampedrinas detenidas desaparecidas por la \u00faltima dictadura c\u00edvico militar, descubrieron una baldosa que lleva su nombre en la bajada del Club N\u00e1utico.<\/p>\n\n\n\n<p>Patricia Hall era soci\u00f3loga y ten\u00eda 26 a\u00f1os. Junto a su esposo Ger\u00f3nimo Da Costa de 29 a\u00f1os y tambi\u00e9n desaparecido, comenzaron a militar en la Juventud Peronista, desde donde hizo trabajo social en las villas junto al padre Carlos Mugica.<\/p>\n\n\n\n<p>Patricia Hall fue secuestrada el 14 de octubre de 1976 en un policl\u00ednico del barrio porte\u00f1o de Boedo donde era empleada. Antes hab\u00edan detenido a su esposo en el departamento que ambos compart\u00edan. All\u00ed encontraron un recibo de sueldo de ella y la fueron a buscar a su lugar de trabajo.\u00a0<\/p>\n\n\n\n<p>Fuente: <a href=\"https:\/\/www.sanpedroinforma.com.ar\/nota\/124091\/sociedad\/descubrieron-una-baldosa-para-recordar-a-patricia-hall.html\">San Pedro Informa<\/a><\/p>\n","protected":false},"excerpt":{"rendered":"<p>El acto tuvo lugar en la bajada el club N\u00e1utico, organizado por la Mesa por la Memoria local. Estuvieron los\u00a0familiares de la v\u00edctima del terrorismo de Estado recordada en esta oportunidad. En el marco de las actividades por los 45 a\u00f1os del Golpe de Estado, la Mesa por la Memoria y familiares de Patricia Hall, [&hellip;]<\/p>\n","protected":false},"author":4,"featured_media":89747,"comment_status":"open","ping_status":"closed","sticky":false,"template":"","format":"standard","meta":{"om_disable_all_campaigns":false,"_jetpack_memberships_contains_paid_content":false,"footnotes":""},"categories":[50,101,2],"tags":[],"class_list":["post-89746","post","type-post","status-publish","format-standard","has-post-thumbnail","hentry","category-destacadas","category-interes-general-locales","category-locales"],"aioseo_notices":[],"gutentor_comment":0,"jetpack_featured_media_url":"https:\/\/eldiariodesanpedro.com.ar\/sitio\/wp-content\/uploads\/2021\/03\/000090657.jpg","jetpack_shortlink":"https:\/\/wp.me\/p6RhLt-nlw","jetpack_sharing_enabled":true,"_links":{"self":[{"href":"https:\/\/eldiariodesanpedro.com.ar\/sitio\/wp-json\/wp\/v2\/posts\/89746","targetHints":{"allow":["GET"]}}],"collection":[{"href":"https:\/\/eldiariodesanpedro.com.ar\/sitio\/wp-json\/wp\/v2\/posts"}],"about":[{"href":"https:\/\/eldiariodesanpedro.com.ar\/sitio\/wp-json\/wp\/v2\/types\/post"}],"author":[{"embeddable":true,"href":"https:\/\/eldiariodesanpedro.com.ar\/sitio\/wp-json\/wp\/v2\/users\/4"}],"replies":[{"embeddable":true,"href":"https:\/\/eldiariodesanpedro.com.ar\/sitio\/wp-json\/wp\/v2\/comments?post=89746"}],"version-history":[{"count":1,"href":"https:\/\/eldiariodesanpedro.com.ar\/sitio\/wp-json\/wp\/v2\/posts\/89746\/revisions"}],"predecessor-version":[{"id":89748,"href":"https:\/\/eldiariodesanpedro.com.ar\/sitio\/wp-json\/wp\/v2\/posts\/89746\/revisions\/89748"}],"wp:featuredmedia":[{"embeddable":true,"href":"https:\/\/eldiariodesanpedro.com.ar\/sitio\/wp-json\/wp\/v2\/media\/89747"}],"wp:attachment":[{"href":"https:\/\/eldiariodesanpedro.com.ar\/sitio\/wp-json\/wp\/v2\/media?parent=89746"}],"wp:term":[{"taxonomy":"category","embeddable":true,"href":"https:\/\/eldiariodesanpedro.com.ar\/sitio\/wp-json\/wp\/v2\/categories?post=89746"},{"taxonomy":"post_tag","embeddable":true,"href":"https:\/\/eldiariodesanpedro.com.ar\/sitio\/wp-json\/wp\/v2\/tags?post=89746"}],"curies":[{"name":"wp","href":"https:\/\/api.w.org\/{rel}","templated":true}]}}