{"id":89742,"date":"2021-03-25T10:28:07","date_gmt":"2021-03-25T13:28:07","guid":{"rendered":"https:\/\/eldiariodesanpedro.com.ar\/sitio\/?p=89742"},"modified":"2021-03-25T10:28:12","modified_gmt":"2021-03-25T13:28:12","slug":"se-aprehendieron-a-siete-personas-con-marihuana-en-la-via-publica","status":"publish","type":"post","link":"https:\/\/eldiariodesanpedro.com.ar\/sitio\/se-aprehendieron-a-siete-personas-con-marihuana-en-la-via-publica\/","title":{"rendered":"Se aprehendieron a siete personas con marihuana en la v\u00eda publica"},"content":{"rendered":"<!-- VideographyWP Plugin Message: Automatic video embedding prevented by plugin options. -->\n\n<p>En las \u00faltimas 24 horas se realizaron distintos operativos, de identificaci\u00f3n de personas y motoveh\u00edculos. Siete procedimientos fueron similares en distintos horarios y puntos de la ciudad, en los cuales se traslad\u00f3 a sede policial a masculinos mayores de edad, a quienes se le secuestr\u00f3 en su poder sustancia marihuana en \u00ednfimo pesaje.&nbsp;<\/p>\n\n\n\n<p>En todos los casos se iniciaron actuaciones judiciales por el delito mencionado, con intervenci\u00f3n de la justicia local. respeto de los imputados se cumplieron recaudos legales&nbsp;<\/p>\n","protected":false},"excerpt":{"rendered":"<p>En las \u00faltimas 24 horas se realizaron distintos operativos, de identificaci\u00f3n de personas y motoveh\u00edculos. Siete procedimientos fueron similares en distintos horarios y puntos de la ciudad, en los cuales se traslad\u00f3 a sede policial a masculinos mayores de edad, a quienes se le secuestr\u00f3 en su poder sustancia marihuana en \u00ednfimo pesaje.&nbsp; En todos [&hellip;]<\/p>\n","protected":false},"author":4,"featured_media":70421,"comment_status":"open","ping_status":"closed","sticky":false,"template":"","format":"standard","meta":{"om_disable_all_campaigns":false,"_jetpack_memberships_contains_paid_content":false,"footnotes":""},"categories":[2,103],"tags":[],"class_list":["post-89742","post","type-post","status-publish","format-standard","has-post-thumbnail","hentry","category-locales","category-policiales-locales"],"aioseo_notices":[],"gutentor_comment":0,"jetpack_featured_media_url":"https:\/\/eldiariodesanpedro.com.ar\/sitio\/wp-content\/uploads\/2020\/03\/esposas-detenido-1.jpg","jetpack_shortlink":"https:\/\/wp.me\/p6RhLt-nls","jetpack_sharing_enabled":true,"_links":{"self":[{"href":"https:\/\/eldiariodesanpedro.com.ar\/sitio\/wp-json\/wp\/v2\/posts\/89742","targetHints":{"allow":["GET"]}}],"collection":[{"href":"https:\/\/eldiariodesanpedro.com.ar\/sitio\/wp-json\/wp\/v2\/posts"}],"about":[{"href":"https:\/\/eldiariodesanpedro.com.ar\/sitio\/wp-json\/wp\/v2\/types\/post"}],"author":[{"embeddable":true,"href":"https:\/\/eldiariodesanpedro.com.ar\/sitio\/wp-json\/wp\/v2\/users\/4"}],"replies":[{"embeddable":true,"href":"https:\/\/eldiariodesanpedro.com.ar\/sitio\/wp-json\/wp\/v2\/comments?post=89742"}],"version-history":[{"count":1,"href":"https:\/\/eldiariodesanpedro.com.ar\/sitio\/wp-json\/wp\/v2\/posts\/89742\/revisions"}],"predecessor-version":[{"id":89743,"href":"https:\/\/eldiariodesanpedro.com.ar\/sitio\/wp-json\/wp\/v2\/posts\/89742\/revisions\/89743"}],"wp:featuredmedia":[{"embeddable":true,"href":"https:\/\/eldiariodesanpedro.com.ar\/sitio\/wp-json\/wp\/v2\/media\/70421"}],"wp:attachment":[{"href":"https:\/\/eldiariodesanpedro.com.ar\/sitio\/wp-json\/wp\/v2\/media?parent=89742"}],"wp:term":[{"taxonomy":"category","embeddable":true,"href":"https:\/\/eldiariodesanpedro.com.ar\/sitio\/wp-json\/wp\/v2\/categories?post=89742"},{"taxonomy":"post_tag","embeddable":true,"href":"https:\/\/eldiariodesanpedro.com.ar\/sitio\/wp-json\/wp\/v2\/tags?post=89742"}],"curies":[{"name":"wp","href":"https:\/\/api.w.org\/{rel}","templated":true}]}}