{"id":89733,"date":"2021-03-24T16:31:22","date_gmt":"2021-03-24T19:31:22","guid":{"rendered":"https:\/\/eldiariodesanpedro.com.ar\/sitio\/?p=89733"},"modified":"2021-03-24T16:31:26","modified_gmt":"2021-03-24T19:31:26","slug":"ramallo-heroico-desempeno-de-una-policia-salvando-la-vida-en-un-intento-de-suicidio","status":"publish","type":"post","link":"https:\/\/eldiariodesanpedro.com.ar\/sitio\/ramallo-heroico-desempeno-de-una-policia-salvando-la-vida-en-un-intento-de-suicidio\/","title":{"rendered":"RAMALLO | Heroico desempe\u00f1o de una polic\u00eda salvando la vida en un intento de suicidio"},"content":{"rendered":"<!-- VideographyWP Plugin Message: Automatic video embedding prevented by plugin options. -->\n\n<p>En calle Castex 1232 (entre Roque S\u00e1enz Pe\u00f1a y Francia), hoy a las 12:45 se produjo un intento de suicidio por ahorcamiento. Un hombre de 31 a\u00f1os, utilizando una soga que colg\u00f3 de la rama de un \u00e1rbol estuvo a punto de quitarse la vida, de no ser por la pronta llegada y heroico accionar del personal policial al lugar del hecho.<\/p>\n\n\n\n<p>La Sargento Ana Paula Marini, y su compa\u00f1ero, el Oficial de Polic\u00eda G\u00f3mez Franco se entrevistan con el hermano que fue la persona que realiz\u00f3 el llamado telef\u00f3nico solicitando auxilio, cuando lo encontr\u00f3 colgado. Relat\u00f3 que ante esta situaci\u00f3n le saca la soga del cuello y lo tiende en el suelo. En ese momento la Sargento de Polic\u00eda Marini al notar que el hombre no presentaba signos vitales, comenz\u00f3 a realizarle RCP (Reanimaci\u00f3n Cardio Pulmonar) logrando as\u00ed reanimarlo, hasta el arribo de la ambulancia que realiz\u00f3 el traslado de esta persona junto a su hermano al nosocomio local Hospital Jos\u00e9 Mar\u00eda Gomendio, donde se encuentra estable.<\/p>\n\n\n\n<p>Del hecho tom\u00f3 conocimiento el Ayudante Fiscal Ramallo quien dispone la intervenci\u00f3n de la polic\u00eda cient\u00edfica de San Nicol\u00e1s, procediendo adem\u00e1s a la toma de declaraciones testimoniales y solicitar evaluaci\u00f3n psiqui\u00e1trica del suicida. Toma intervenci\u00f3n UFI nro. 1, de San Nicol\u00e1s.<\/p>\n\n\n\n<p>Seg\u00fan se inform\u00f3 en horas de la tarde el paciente continuaba internado en el Hospital Jos\u00e9 Mar\u00eda Gomendio tratando de ser entubado por manifestar disnea (dificultad respiratoria) y una vez estabilizado ser\u00eda trasladado a la Cl\u00ednica Nuestra Se\u00f1ora de Luj\u00e1n (UOM) en la localidad de San Nicol\u00e1s.-<\/p>\n\n\n\n<p>Fuente: <a href=\"https:\/\/www.facebook.com\/ramallocity\">Ramallo City <\/a><\/p>\n","protected":false},"excerpt":{"rendered":"<p>En calle Castex 1232 (entre Roque S\u00e1enz Pe\u00f1a y Francia), hoy a las 12:45 se produjo un intento de suicidio por ahorcamiento. Un hombre de 31 a\u00f1os, utilizando una soga que colg\u00f3 de la rama de un \u00e1rbol estuvo a punto de quitarse la vida, de no ser por la pronta llegada y heroico accionar [&hellip;]<\/p>\n","protected":false},"author":4,"featured_media":89734,"comment_status":"open","ping_status":"closed","sticky":false,"template":"","format":"standard","meta":{"om_disable_all_campaigns":false,"_jetpack_memberships_contains_paid_content":false,"footnotes":""},"categories":[621],"tags":[],"class_list":["post-89733","post","type-post","status-publish","format-standard","has-post-thumbnail","hentry","category-regionales"],"aioseo_notices":[],"gutentor_comment":0,"jetpack_featured_media_url":"https:\/\/eldiariodesanpedro.com.ar\/sitio\/wp-content\/uploads\/2021\/03\/161992424_3991791200885339_7070244891119124568_n.jpg","jetpack_shortlink":"https:\/\/wp.me\/p6RhLt-nlj","jetpack_sharing_enabled":true,"_links":{"self":[{"href":"https:\/\/eldiariodesanpedro.com.ar\/sitio\/wp-json\/wp\/v2\/posts\/89733","targetHints":{"allow":["GET"]}}],"collection":[{"href":"https:\/\/eldiariodesanpedro.com.ar\/sitio\/wp-json\/wp\/v2\/posts"}],"about":[{"href":"https:\/\/eldiariodesanpedro.com.ar\/sitio\/wp-json\/wp\/v2\/types\/post"}],"author":[{"embeddable":true,"href":"https:\/\/eldiariodesanpedro.com.ar\/sitio\/wp-json\/wp\/v2\/users\/4"}],"replies":[{"embeddable":true,"href":"https:\/\/eldiariodesanpedro.com.ar\/sitio\/wp-json\/wp\/v2\/comments?post=89733"}],"version-history":[{"count":1,"href":"https:\/\/eldiariodesanpedro.com.ar\/sitio\/wp-json\/wp\/v2\/posts\/89733\/revisions"}],"predecessor-version":[{"id":89735,"href":"https:\/\/eldiariodesanpedro.com.ar\/sitio\/wp-json\/wp\/v2\/posts\/89733\/revisions\/89735"}],"wp:featuredmedia":[{"embeddable":true,"href":"https:\/\/eldiariodesanpedro.com.ar\/sitio\/wp-json\/wp\/v2\/media\/89734"}],"wp:attachment":[{"href":"https:\/\/eldiariodesanpedro.com.ar\/sitio\/wp-json\/wp\/v2\/media?parent=89733"}],"wp:term":[{"taxonomy":"category","embeddable":true,"href":"https:\/\/eldiariodesanpedro.com.ar\/sitio\/wp-json\/wp\/v2\/categories?post=89733"},{"taxonomy":"post_tag","embeddable":true,"href":"https:\/\/eldiariodesanpedro.com.ar\/sitio\/wp-json\/wp\/v2\/tags?post=89733"}],"curies":[{"name":"wp","href":"https:\/\/api.w.org\/{rel}","templated":true}]}}