{"id":89730,"date":"2021-03-24T16:23:09","date_gmt":"2021-03-24T19:23:09","guid":{"rendered":"https:\/\/eldiariodesanpedro.com.ar\/sitio\/?p=89730"},"modified":"2021-03-24T16:23:14","modified_gmt":"2021-03-24T19:23:14","slug":"un-hombre-denuncio-que-el-gobierno-de-la-provincia-de-bs-as-le-dio-turno-para-vacunar-a-su-papa-que-murio-hace-11-anos","status":"publish","type":"post","link":"https:\/\/eldiariodesanpedro.com.ar\/sitio\/un-hombre-denuncio-que-el-gobierno-de-la-provincia-de-bs-as-le-dio-turno-para-vacunar-a-su-papa-que-murio-hace-11-anos\/","title":{"rendered":"Un hombre denunci\u00f3 que el gobierno de la provincia de Bs. As. le dio turno para vacunar a su pap\u00e1, que muri\u00f3 hace 11 a\u00f1os"},"content":{"rendered":"<!-- VideographyWP Plugin Message: Automatic video embedding prevented by plugin options. -->\n\n<p>\u201cFue una sorpresa\u201d, sostuvo Miguel \u00c1ngel Drozd, hijo del difunto, que se present\u00f3 en el centro de vacunaci\u00f3n de Berisso para ver si le aplicaban la dosis a \u00e9l. Desde el Ministerio de Salud bonaerense sostienen que se trat\u00f3 de un error y que est\u00e1n investigando el caso<\/p>\n\n\n\n<p>A Miguel \u00c1ngel Drozd lo contactaron a trav\u00e9s de Facebook con una captura de la notificaci\u00f3n para que su padre, que falleci\u00f3 en 2010, vaya a inmunizarse.<br>El domingo 21 de marzo a las 14.34 horas, Miguel \u00c1ngel Drozd (40) hizo un descargo en su cuenta de Facebook. \u201cIncre\u00edble. Mi pap\u00e1 tiene turno para vacunarse hoy, aunque hace casi once a\u00f1os que falleci\u00f3. Pero cuando lo necesit\u00f3, IOMA y todos le negaron cosas&#8230; Tuvimos que pagar todo, y a\u00f1os despu\u00e9s, me reintegraron. Al ir a cobrar figuraba que ya retiraron el dinero. Espero reutilicen la vacuna en alguien mayor de edad y no por contactos\u201d, escribi\u00f3 el hombre oriundo de Berisso.<\/p>\n\n\n\n<p>Seg\u00fan el relato de Drozd, un desconocido (una persona \u201cX\u201d que recibi\u00f3 el mail con el turno para su pap\u00e1 y decidi\u00f3 buscarlo a trav\u00e9s de redes sociales) lo contact\u00f3 v\u00eda Facebook para recordarle que deb\u00eda asistir al Centro de Ense\u00f1anza y Atenci\u00f3n de la Salud de Berisso (ex-Sanatorio de la Carne ubicado en 12 y 161 y uno de los puntos de vacunaci\u00f3n destinados por el Ministerio de Salud de la provincia de Buenos Aires) para ser inmunizado contra el COVID-19.<\/p>\n\n\n\n<p>\u201cAl principio pens\u00e9 que el turno era para m\u00ed. Despu\u00e9s, cuando vi el n\u00famero de DNI me di cuenta de que era el de mi pap\u00e1 que falleci\u00f3 de c\u00e1ncer de p\u00e1ncreas hace m\u00e1s de una d\u00e9cada\u201d, sostuvo el hombre en di\u00e1logo telef\u00f3nico con Infobae.<\/p>\n\n\n\n<p>A pesar de no tener ning\u00fan antecedente de salud y\/o patolog\u00edas de riesgo, Drozd se present\u00f3 en el CEAS el domingo 21 de marzo a las 10 horas. \u201cFui a ver si me vacunaban a m\u00ed porque quiz\u00e1s se confundieron al seleccionar\u201d, explic\u00f3 a este medio y sostuvo que, una vez que las autoridades del centro tomaron conocimiento del caso, le pidieron disculpas y le indicaron que no era la primera vez que suced\u00eda algo as\u00ed.<\/p>\n\n\n\n<p>\u201cLa Coordinadora me explic\u00f3 que ya pas\u00f3 varias veces. Le pregunt\u00e9 si no pod\u00edan usar la dosis para vacunar a mi mam\u00e1 de 75 a\u00f1os que est\u00e1 inscripta hace m\u00e1s de un mes, pero sin turno. Me dijeron que no era posible\u201d, apunta Drozd que, al regresar a su domicilio, decidi\u00f3 hacer una denuncia \u201cpor irregularidades\u201d en la p\u00e1gina de Vacunaci\u00f3n de la provincia de Buenos Aires.<\/p>\n\n\n\n<p>El padre de Miguel \u00c1ngel Drozd muri\u00f3 de una c\u00e1ncer de p\u00e1ncreas hace m\u00e1s de una d\u00e9cada.<br>Consultados acerca de la irregularidad, desde el Ministerio de Salud de la Provincia de Buenos Aires explicaron a Infobae que casos como este suceden muy a menudo. \u201cNo es la primera vez que se le asigna un turno a una persona que falleci\u00f3. Es un error que se resuelve en el momento porque al no presentarse la persona con el DNI se cae el turno\u201d, sostuvieron.<\/p>\n\n\n\n<p>Sin embargo, por lo at\u00edpico de la situaci\u00f3n, explicaron que est\u00e1n investigando el caso. \u201cEs raro que se le haya asignado un turno porque falleci\u00f3 hace diez a\u00f1os. Por otro lado, la forma en que esta persona es notificada tambi\u00e9n es inusual y estamos averiguando qu\u00e9 fue lo pas\u00f3. Quien sea que lo haya hecho se tom\u00f3 el trabajo de inscribir al padre de Drozd, poner su n\u00famero de documento y luego le envi\u00f3 al hijo el comprobante\u201d, apuntaron desde la cartera sanitaria bonaerense.<\/p>\n\n\n\n<p>Desde el Ministerio de Salud de la Provincia de Buenos Aires explicaron a Infobae que casos como este suceden muy a menudo. \u201cNo es la primera vez que se le asigna un turno a una persona que falleci\u00f3\u00bb, explicaron a Infobae.<br>En la provincia de Buenos Aires, la campa\u00f1a de vacunaci\u00f3n p\u00fablica, gratuita y optativa contra COVID-19 empez\u00f3 el jueves 18 de febrero de 2021.<\/p>\n\n\n\n<p>Al d\u00eda de la fecha, seg\u00fan el Monitor P\u00fablico de Vacunaci\u00f3n (el registro online del Ministerio de Salud que muestra en tiempo real el operativo de inmunizaci\u00f3n en todo el pa\u00eds) la provincia que gobierna Axel Kicillof ya super\u00f3 el mill\u00f3n de vacunados. Puntualmente, son 1.291.650 las vacunas aplicadas a los bonaerenses: 1.040.136 personas recibieron la primera dosis y 251.514 ambas.<\/p>\n\n\n\n<p>Durante la tarde de este martes, el ministro de Salud de la provincia de Buenos Aires, Daniel Goll\u00e1n, inform\u00f3 a trav\u00e9s de sus redes sociales que, el pr\u00f3ximo jueves 25, viernes 26 y s\u00e1bado 27 de marzo, comenzar\u00e1n a enviar 119.974 turnos de vacunaci\u00f3n destinados mayores de 60 a\u00f1os.<\/p>\n\n\n\n<p>Fuente: Infobae<\/p>\n","protected":false},"excerpt":{"rendered":"<p>\u201cFue una sorpresa\u201d, sostuvo Miguel \u00c1ngel Drozd, hijo del difunto, que se present\u00f3 en el centro de vacunaci\u00f3n de Berisso para ver si le aplicaban la dosis a \u00e9l. Desde el Ministerio de Salud bonaerense sostienen que se trat\u00f3 de un error y que est\u00e1n investigando el caso A Miguel \u00c1ngel Drozd lo contactaron a [&hellip;]<\/p>\n","protected":false},"author":4,"featured_media":89731,"comment_status":"open","ping_status":"closed","sticky":false,"template":"","format":"standard","meta":{"om_disable_all_campaigns":false,"_jetpack_memberships_contains_paid_content":false,"footnotes":""},"categories":[621],"tags":[],"class_list":["post-89730","post","type-post","status-publish","format-standard","has-post-thumbnail","hentry","category-regionales"],"aioseo_notices":[],"gutentor_comment":0,"jetpack_featured_media_url":"https:\/\/eldiariodesanpedro.com.ar\/sitio\/wp-content\/uploads\/2021\/03\/164492426_3993746310689828_8183028833446008746_o.jpg","jetpack_shortlink":"https:\/\/wp.me\/p6RhLt-nlg","jetpack_sharing_enabled":true,"_links":{"self":[{"href":"https:\/\/eldiariodesanpedro.com.ar\/sitio\/wp-json\/wp\/v2\/posts\/89730","targetHints":{"allow":["GET"]}}],"collection":[{"href":"https:\/\/eldiariodesanpedro.com.ar\/sitio\/wp-json\/wp\/v2\/posts"}],"about":[{"href":"https:\/\/eldiariodesanpedro.com.ar\/sitio\/wp-json\/wp\/v2\/types\/post"}],"author":[{"embeddable":true,"href":"https:\/\/eldiariodesanpedro.com.ar\/sitio\/wp-json\/wp\/v2\/users\/4"}],"replies":[{"embeddable":true,"href":"https:\/\/eldiariodesanpedro.com.ar\/sitio\/wp-json\/wp\/v2\/comments?post=89730"}],"version-history":[{"count":1,"href":"https:\/\/eldiariodesanpedro.com.ar\/sitio\/wp-json\/wp\/v2\/posts\/89730\/revisions"}],"predecessor-version":[{"id":89732,"href":"https:\/\/eldiariodesanpedro.com.ar\/sitio\/wp-json\/wp\/v2\/posts\/89730\/revisions\/89732"}],"wp:featuredmedia":[{"embeddable":true,"href":"https:\/\/eldiariodesanpedro.com.ar\/sitio\/wp-json\/wp\/v2\/media\/89731"}],"wp:attachment":[{"href":"https:\/\/eldiariodesanpedro.com.ar\/sitio\/wp-json\/wp\/v2\/media?parent=89730"}],"wp:term":[{"taxonomy":"category","embeddable":true,"href":"https:\/\/eldiariodesanpedro.com.ar\/sitio\/wp-json\/wp\/v2\/categories?post=89730"},{"taxonomy":"post_tag","embeddable":true,"href":"https:\/\/eldiariodesanpedro.com.ar\/sitio\/wp-json\/wp\/v2\/tags?post=89730"}],"curies":[{"name":"wp","href":"https:\/\/api.w.org\/{rel}","templated":true}]}}