{"id":8973,"date":"2016-10-18T23:25:52","date_gmt":"2016-10-19T02:25:52","guid":{"rendered":"https:\/\/eldiariodesanpedro.com.ar\/sitio\/?p=8973"},"modified":"2016-10-18T23:25:52","modified_gmt":"2016-10-19T02:25:52","slug":"organizan-marcha-en-contra-de-los-operativos-de-transito","status":"publish","type":"post","link":"https:\/\/eldiariodesanpedro.com.ar\/sitio\/organizan-marcha-en-contra-de-los-operativos-de-transito\/","title":{"rendered":"Organizan marcha en contra de los operativos de tr\u00e1nsito"},"content":{"rendered":"<p><!-- VideographyWP Plugin Message: Automatic video embedding prevented by plugin options. --><br \/>\nA trav\u00e9s de las redes sociales, ciudadanos de nuestra ciudad organizan una marcha desde plaza Belgrano en contra de los controles que realizan los inspectores de tr\u00e1nsito.<br \/>\nEl reclamo de las personas que organizan esta protesta es por los excesivos controles.<br \/>\nEl texto que se hace viral a trav\u00e9s de Facebook es el siguiente:<\/p>\n<p>El s\u00e1bado 22 a las 17.00, desde la plaza Belgrano, estaremos marchando a la municipalidad para hacer valer nuestros derechos constitucionales como ciudadanos,  marchando en contra del secuestro de motos o autos, sin pedido de capturas; no nos oponemos a que seamos multados, pero s\u00ed nos oponemos a que nos saquen el veh\u00edculo, que es nuestro medio de trabajo.<br \/>\nEst\u00e1n todos invitados a sumarse a la protesta pac\u00edfica, y que el se\u00f1or intendente y director de Tr\u00e1nsito nos respeten nuestros derechos y garant\u00edas.<br \/>\nDesde ya muchas gracias.<\/p>\n<p>Los esperamos.<\/p>\n<p><a href=\"https:\/\/eldiariodesanpedro.com.ar\/sitio\/wp-content\/uploads\/2016\/10\/IMG-20161018-WA0025.jpg\"><img decoding=\"async\" data-attachment-id=\"8975\" data-permalink=\"https:\/\/eldiariodesanpedro.com.ar\/sitio\/organizan-marcha-en-contra-de-los-operativos-de-transito\/img-20161018-wa0025\/\" data-orig-file=\"https:\/\/eldiariodesanpedro.com.ar\/sitio\/wp-content\/uploads\/2016\/10\/IMG-20161018-WA0025.jpg\" data-orig-size=\"370,370\" data-comments-opened=\"1\" data-image-meta=\"{&quot;aperture&quot;:&quot;0&quot;,&quot;credit&quot;:&quot;&quot;,&quot;camera&quot;:&quot;&quot;,&quot;caption&quot;:&quot;&quot;,&quot;created_timestamp&quot;:&quot;0&quot;,&quot;copyright&quot;:&quot;&quot;,&quot;focal_length&quot;:&quot;0&quot;,&quot;iso&quot;:&quot;0&quot;,&quot;shutter_speed&quot;:&quot;0&quot;,&quot;title&quot;:&quot;&quot;,&quot;orientation&quot;:&quot;0&quot;}\" data-image-title=\"img-20161018-wa0025\" data-image-description=\"\" data-image-caption=\"\" data-large-file=\"https:\/\/eldiariodesanpedro.com.ar\/sitio\/wp-content\/uploads\/2016\/10\/IMG-20161018-WA0025.jpg\" data-src=\"https:\/\/eldiariodesanpedro.com.ar\/sitio\/wp-content\/uploads\/2016\/10\/IMG-20161018-WA0025-300x300.jpg\" alt=\"img-20161018-wa0025\" width=\"300\" height=\"300\" class=\"alignnone size-medium wp-image-8975 lazyload\" data-srcset=\"https:\/\/eldiariodesanpedro.com.ar\/sitio\/wp-content\/uploads\/2016\/10\/IMG-20161018-WA0025-300x300.jpg 300w, https:\/\/eldiariodesanpedro.com.ar\/sitio\/wp-content\/uploads\/2016\/10\/IMG-20161018-WA0025-150x150.jpg 150w, https:\/\/eldiariodesanpedro.com.ar\/sitio\/wp-content\/uploads\/2016\/10\/IMG-20161018-WA0025.jpg 370w\" data-sizes=\"(max-width: 300px) 100vw, 300px\" src=\"data:image\/svg+xml;base64,PHN2ZyB3aWR0aD0iMSIgaGVpZ2h0PSIxIiB4bWxucz0iaHR0cDovL3d3dy53My5vcmcvMjAwMC9zdmciPjwvc3ZnPg==\" style=\"--smush-placeholder-width: 300px; --smush-placeholder-aspect-ratio: 300\/300;\" \/><\/a><\/p>\n","protected":false},"excerpt":{"rendered":"<p>A trav\u00e9s de las redes sociales, ciudadanos de nuestra ciudad organizan una marcha desde plaza Belgrano en contra de los controles que realizan los inspectores de tr\u00e1nsito. El reclamo de las personas que organizan esta protesta es por los excesivos controles. El texto que se hace viral a trav\u00e9s de Facebook es el siguiente: El [&hellip;]<\/p>\n","protected":false},"author":4,"featured_media":8974,"comment_status":"open","ping_status":"closed","sticky":false,"template":"","format":"standard","meta":{"om_disable_all_campaigns":false,"_jetpack_memberships_contains_paid_content":false,"footnotes":""},"categories":[101,2],"tags":[],"class_list":["post-8973","post","type-post","status-publish","format-standard","has-post-thumbnail","hentry","category-interes-general-locales","category-locales"],"aioseo_notices":[],"gutentor_comment":4,"jetpack_featured_media_url":"https:\/\/eldiariodesanpedro.com.ar\/sitio\/wp-content\/uploads\/2016\/10\/control.jpg","jetpack_shortlink":"https:\/\/wp.me\/p6RhLt-2kJ","jetpack_sharing_enabled":true,"_links":{"self":[{"href":"https:\/\/eldiariodesanpedro.com.ar\/sitio\/wp-json\/wp\/v2\/posts\/8973","targetHints":{"allow":["GET"]}}],"collection":[{"href":"https:\/\/eldiariodesanpedro.com.ar\/sitio\/wp-json\/wp\/v2\/posts"}],"about":[{"href":"https:\/\/eldiariodesanpedro.com.ar\/sitio\/wp-json\/wp\/v2\/types\/post"}],"author":[{"embeddable":true,"href":"https:\/\/eldiariodesanpedro.com.ar\/sitio\/wp-json\/wp\/v2\/users\/4"}],"replies":[{"embeddable":true,"href":"https:\/\/eldiariodesanpedro.com.ar\/sitio\/wp-json\/wp\/v2\/comments?post=8973"}],"version-history":[{"count":1,"href":"https:\/\/eldiariodesanpedro.com.ar\/sitio\/wp-json\/wp\/v2\/posts\/8973\/revisions"}],"predecessor-version":[{"id":8976,"href":"https:\/\/eldiariodesanpedro.com.ar\/sitio\/wp-json\/wp\/v2\/posts\/8973\/revisions\/8976"}],"wp:featuredmedia":[{"embeddable":true,"href":"https:\/\/eldiariodesanpedro.com.ar\/sitio\/wp-json\/wp\/v2\/media\/8974"}],"wp:attachment":[{"href":"https:\/\/eldiariodesanpedro.com.ar\/sitio\/wp-json\/wp\/v2\/media?parent=8973"}],"wp:term":[{"taxonomy":"category","embeddable":true,"href":"https:\/\/eldiariodesanpedro.com.ar\/sitio\/wp-json\/wp\/v2\/categories?post=8973"},{"taxonomy":"post_tag","embeddable":true,"href":"https:\/\/eldiariodesanpedro.com.ar\/sitio\/wp-json\/wp\/v2\/tags?post=8973"}],"curies":[{"name":"wp","href":"https:\/\/api.w.org\/{rel}","templated":true}]}}