{"id":89728,"date":"2021-03-24T16:19:17","date_gmt":"2021-03-24T19:19:17","guid":{"rendered":"https:\/\/eldiariodesanpedro.com.ar\/sitio\/?p=89728"},"modified":"2021-03-24T16:19:22","modified_gmt":"2021-03-24T19:19:22","slug":"campana-prenden-fuego-dos-patrulleros","status":"publish","type":"post","link":"https:\/\/eldiariodesanpedro.com.ar\/sitio\/campana-prenden-fuego-dos-patrulleros\/","title":{"rendered":"CAMPANA | Prenden fuego dos patrulleros"},"content":{"rendered":"<!-- VideographyWP Plugin Message: Automatic video embedding prevented by plugin options. -->\n\n<p>En la madrugada de este dos patrulleros fueron incendiados. Se encontraban estacionados frente al taller adonde los reparan, en el barrio Sarmiento de Campana.<\/p>\n\n\n\n<p>Los v\u00e1ndalos, despu\u00e9s de cometer el hecho, escribieron un mensaje en un colectivo que tambi\u00e9n estaba en el lugar. \u201cNi olvido, ni perd\u00f3n. 23\/3\u201d, dec\u00eda la misiva.<\/p>\n\n\n\n<p>Uno de los m\u00f3viles qued\u00f3 totalmente destruido, mientras que el otro sufri\u00f3 serios da\u00f1os, producto de las llamas. Bomberos Voluntarios acudieron al siniestro.<\/p>\n\n\n\n<p>Polic\u00eda Cient\u00edfica trabaj\u00f3 en la escena.<\/p>\n\n\n\n<p>Fuente: <a href=\"http:\/\/www.enlacecritico.com\/destacados\/prenden-fuego-dos-patrulleros\/\">Enlace Critico<\/a><\/p>\n","protected":false},"excerpt":{"rendered":"<p>En la madrugada de este dos patrulleros fueron incendiados. Se encontraban estacionados frente al taller adonde los reparan, en el barrio Sarmiento de Campana. Los v\u00e1ndalos, despu\u00e9s de cometer el hecho, escribieron un mensaje en un colectivo que tambi\u00e9n estaba en el lugar. \u201cNi olvido, ni perd\u00f3n. 23\/3\u201d, dec\u00eda la misiva. Uno de los m\u00f3viles [&hellip;]<\/p>\n","protected":false},"author":4,"featured_media":89714,"comment_status":"open","ping_status":"closed","sticky":false,"template":"","format":"standard","meta":{"om_disable_all_campaigns":false,"_jetpack_memberships_contains_paid_content":false,"footnotes":""},"categories":[621],"tags":[],"class_list":["post-89728","post","type-post","status-publish","format-standard","has-post-thumbnail","hentry","category-regionales"],"aioseo_notices":[],"gutentor_comment":0,"jetpack_featured_media_url":"https:\/\/eldiariodesanpedro.com.ar\/sitio\/wp-content\/uploads\/2021\/03\/000090625.jpg","jetpack_shortlink":"https:\/\/wp.me\/p6RhLt-nle","jetpack_sharing_enabled":true,"_links":{"self":[{"href":"https:\/\/eldiariodesanpedro.com.ar\/sitio\/wp-json\/wp\/v2\/posts\/89728","targetHints":{"allow":["GET"]}}],"collection":[{"href":"https:\/\/eldiariodesanpedro.com.ar\/sitio\/wp-json\/wp\/v2\/posts"}],"about":[{"href":"https:\/\/eldiariodesanpedro.com.ar\/sitio\/wp-json\/wp\/v2\/types\/post"}],"author":[{"embeddable":true,"href":"https:\/\/eldiariodesanpedro.com.ar\/sitio\/wp-json\/wp\/v2\/users\/4"}],"replies":[{"embeddable":true,"href":"https:\/\/eldiariodesanpedro.com.ar\/sitio\/wp-json\/wp\/v2\/comments?post=89728"}],"version-history":[{"count":1,"href":"https:\/\/eldiariodesanpedro.com.ar\/sitio\/wp-json\/wp\/v2\/posts\/89728\/revisions"}],"predecessor-version":[{"id":89729,"href":"https:\/\/eldiariodesanpedro.com.ar\/sitio\/wp-json\/wp\/v2\/posts\/89728\/revisions\/89729"}],"wp:featuredmedia":[{"embeddable":true,"href":"https:\/\/eldiariodesanpedro.com.ar\/sitio\/wp-json\/wp\/v2\/media\/89714"}],"wp:attachment":[{"href":"https:\/\/eldiariodesanpedro.com.ar\/sitio\/wp-json\/wp\/v2\/media?parent=89728"}],"wp:term":[{"taxonomy":"category","embeddable":true,"href":"https:\/\/eldiariodesanpedro.com.ar\/sitio\/wp-json\/wp\/v2\/categories?post=89728"},{"taxonomy":"post_tag","embeddable":true,"href":"https:\/\/eldiariodesanpedro.com.ar\/sitio\/wp-json\/wp\/v2\/tags?post=89728"}],"curies":[{"name":"wp","href":"https:\/\/api.w.org\/{rel}","templated":true}]}}