{"id":89725,"date":"2021-03-24T15:59:42","date_gmt":"2021-03-24T18:59:42","guid":{"rendered":"https:\/\/eldiariodesanpedro.com.ar\/sitio\/?p=89725"},"modified":"2021-03-24T15:59:47","modified_gmt":"2021-03-24T18:59:47","slug":"piden-prorrogar-el-congelamiento-de-alquileres","status":"publish","type":"post","link":"https:\/\/eldiariodesanpedro.com.ar\/sitio\/piden-prorrogar-el-congelamiento-de-alquileres\/","title":{"rendered":"Piden prorrogar el congelamiento de alquileres"},"content":{"rendered":"<!-- VideographyWP Plugin Message: Automatic video embedding prevented by plugin options. -->\n\n<p>La Defensor\u00eda del Pueblo bonaerense llev\u00f3 adelante una serie de gestiones para pedir que se prorrogue el vencimiento de las disposiciones sobre la suspensi\u00f3n de desalojos y el congelamiento de alquileres, cuya finalizaci\u00f3n hab\u00eda quedado fijada para este 31 de marzo.<\/p>\n\n\n\n<p>Lo hizo al pedirle al ministro de Desarrollo Territorial y H\u00e1bitat de la Naci\u00f3n, Jorge Ferraresi, que aplace los t\u00e9rminos del decreto 320\/20 y sus pr\u00f3rrogas, y a la Legislatura bonaerense, para que d\u00e9 tratamiento legislativo a una iniciativa que extienda los plazos de la ley 15.172, disposiciones que fijaban la suspensi\u00f3n de desalojos y el congelamiento de alquileres.<\/p>\n\n\n\n<p>Adem\u00e1s, a trav\u00e9s de su Secretar\u00eda de H\u00e1bitat, Tierra y Vivienda, el organismo que conduce Guido Lorenzino, acompa\u00f1\u00f3 una declaraci\u00f3n hecha por organizaciones, legisladores e instituciones que integran el Consejo Provincial de H\u00e1bitat de la Provincia para que se mantenga lo dispuesto por estas medidas.<\/p>\n\n\n\n<p>En este comunicado, se puso de relieve la \u201chonda preocupaci\u00f3n por la situaci\u00f3n de los hogares inquilinos y de quienes habitan en villas y asentamientos\u201d ante el vencimiento de las disposiciones adoptadas al inicio de la pandemia para garantizar la vivienda de quienes estuvieran en riesgo de desalojo.<\/p>\n\n\n\n<p>\u201cProrrogar la vigencia de las disposiciones que protegen a las familias que alquilan y que habitan en asentamientos informales resulta indispensable para contar con un plazo para abordar salidas a la crisis habitacional profundizada por la pandemia\u201d, expres\u00f3 Lorenzino.<\/p>\n\n\n\n<p>La Defensor\u00eda, desde que comenz\u00f3 el aislamiento por la situaci\u00f3n del coronavirus, redobl\u00f3 sus esfuerzos en el abordaje de la problem\u00e1tica de las y los inquilinas e inquilinos y los conflictos por el acceso al h\u00e1bitat.<\/p>\n","protected":false},"excerpt":{"rendered":"<p>La Defensor\u00eda del Pueblo bonaerense llev\u00f3 adelante una serie de gestiones para pedir que se prorrogue el vencimiento de las disposiciones sobre la suspensi\u00f3n de desalojos y el congelamiento de alquileres, cuya finalizaci\u00f3n hab\u00eda quedado fijada para este 31 de marzo. Lo hizo al pedirle al ministro de Desarrollo Territorial y H\u00e1bitat de la Naci\u00f3n, [&hellip;]<\/p>\n","protected":false},"author":4,"featured_media":89726,"comment_status":"open","ping_status":"closed","sticky":false,"template":"","format":"standard","meta":{"om_disable_all_campaigns":false,"_jetpack_memberships_contains_paid_content":false,"footnotes":""},"categories":[621],"tags":[],"class_list":["post-89725","post","type-post","status-publish","format-standard","has-post-thumbnail","hentry","category-regionales"],"aioseo_notices":[],"gutentor_comment":0,"jetpack_featured_media_url":"https:\/\/eldiariodesanpedro.com.ar\/sitio\/wp-content\/uploads\/2021\/03\/8eb92faf-c4bc-4b68-935c-e4a920b6d01d.jpg","jetpack_shortlink":"https:\/\/wp.me\/p6RhLt-nlb","jetpack_sharing_enabled":true,"_links":{"self":[{"href":"https:\/\/eldiariodesanpedro.com.ar\/sitio\/wp-json\/wp\/v2\/posts\/89725","targetHints":{"allow":["GET"]}}],"collection":[{"href":"https:\/\/eldiariodesanpedro.com.ar\/sitio\/wp-json\/wp\/v2\/posts"}],"about":[{"href":"https:\/\/eldiariodesanpedro.com.ar\/sitio\/wp-json\/wp\/v2\/types\/post"}],"author":[{"embeddable":true,"href":"https:\/\/eldiariodesanpedro.com.ar\/sitio\/wp-json\/wp\/v2\/users\/4"}],"replies":[{"embeddable":true,"href":"https:\/\/eldiariodesanpedro.com.ar\/sitio\/wp-json\/wp\/v2\/comments?post=89725"}],"version-history":[{"count":1,"href":"https:\/\/eldiariodesanpedro.com.ar\/sitio\/wp-json\/wp\/v2\/posts\/89725\/revisions"}],"predecessor-version":[{"id":89727,"href":"https:\/\/eldiariodesanpedro.com.ar\/sitio\/wp-json\/wp\/v2\/posts\/89725\/revisions\/89727"}],"wp:featuredmedia":[{"embeddable":true,"href":"https:\/\/eldiariodesanpedro.com.ar\/sitio\/wp-json\/wp\/v2\/media\/89726"}],"wp:attachment":[{"href":"https:\/\/eldiariodesanpedro.com.ar\/sitio\/wp-json\/wp\/v2\/media?parent=89725"}],"wp:term":[{"taxonomy":"category","embeddable":true,"href":"https:\/\/eldiariodesanpedro.com.ar\/sitio\/wp-json\/wp\/v2\/categories?post=89725"},{"taxonomy":"post_tag","embeddable":true,"href":"https:\/\/eldiariodesanpedro.com.ar\/sitio\/wp-json\/wp\/v2\/tags?post=89725"}],"curies":[{"name":"wp","href":"https:\/\/api.w.org\/{rel}","templated":true}]}}