{"id":89722,"date":"2021-03-24T15:27:43","date_gmt":"2021-03-24T18:27:43","guid":{"rendered":"https:\/\/eldiariodesanpedro.com.ar\/sitio\/?p=89722"},"modified":"2021-03-24T15:27:48","modified_gmt":"2021-03-24T18:27:48","slug":"los-sindicatos-llegaron-a-un-acuerdo-con-el-corralon-de-materiales-y-el-empleado-fue-reincorporado","status":"publish","type":"post","link":"https:\/\/eldiariodesanpedro.com.ar\/sitio\/los-sindicatos-llegaron-a-un-acuerdo-con-el-corralon-de-materiales-y-el-empleado-fue-reincorporado\/","title":{"rendered":"Los sindicatos llegaron a un acuerdo con el corral\u00f3n de materiales y el empleado fue reincorporado"},"content":{"rendered":"<!-- VideographyWP Plugin Message: Automatic video embedding prevented by plugin options. -->\n\n<p>Tras varios d\u00edas de conflicto el Gremio de Camioneros regional de San Nicol\u00e1s se retiro de las puertas de la empresa de venta de materiales de construcci\u00f3n ubicada sobre ruta 1001 donde realizaban una protesta despu\u00e9s que los propietarios echaran a un empleado injustificadamente.<\/p>\n\n\n\n<p>Los dirigidos por Maximiliano Cabaleyro acord\u00f3 con la empresa A. L. De Francesco S. A.\u00a0poder reincorporar al trabajador despedido y adem\u00e1s regularizar las condiciones de trabajo con los restantes empleados, lo que ser\u00e1 ratificado este jueves en el Ministerio de Trabajo de nuestra ciudad como ya estaba previsto en una reuni\u00f3n de conciliaci\u00f3n.<\/p>\n\n\n\n<p>La empresa volvi\u00f3 a trabajar con normalidad en la ma\u00f1ana de este mi\u00e9rcoles y fueron levantado el bloqueo.<\/p>\n","protected":false},"excerpt":{"rendered":"<p>Tras varios d\u00edas de conflicto el Gremio de Camioneros regional de San Nicol\u00e1s se retiro de las puertas de la empresa de venta de materiales de construcci\u00f3n ubicada sobre ruta 1001 donde realizaban una protesta despu\u00e9s que los propietarios echaran a un empleado injustificadamente. Los dirigidos por Maximiliano Cabaleyro acord\u00f3 con la empresa A. L. [&hellip;]<\/p>\n","protected":false},"author":4,"featured_media":89723,"comment_status":"open","ping_status":"closed","sticky":false,"template":"","format":"standard","meta":{"om_disable_all_campaigns":false,"_jetpack_memberships_contains_paid_content":false,"footnotes":""},"categories":[50,101,2],"tags":[],"class_list":["post-89722","post","type-post","status-publish","format-standard","has-post-thumbnail","hentry","category-destacadas","category-interes-general-locales","category-locales"],"aioseo_notices":[],"gutentor_comment":0,"jetpack_featured_media_url":"https:\/\/eldiariodesanpedro.com.ar\/sitio\/wp-content\/uploads\/2021\/03\/163865809_1653435711666287_7083544711375006645_n.jpg","jetpack_shortlink":"https:\/\/wp.me\/p6RhLt-nl8","jetpack_sharing_enabled":true,"_links":{"self":[{"href":"https:\/\/eldiariodesanpedro.com.ar\/sitio\/wp-json\/wp\/v2\/posts\/89722","targetHints":{"allow":["GET"]}}],"collection":[{"href":"https:\/\/eldiariodesanpedro.com.ar\/sitio\/wp-json\/wp\/v2\/posts"}],"about":[{"href":"https:\/\/eldiariodesanpedro.com.ar\/sitio\/wp-json\/wp\/v2\/types\/post"}],"author":[{"embeddable":true,"href":"https:\/\/eldiariodesanpedro.com.ar\/sitio\/wp-json\/wp\/v2\/users\/4"}],"replies":[{"embeddable":true,"href":"https:\/\/eldiariodesanpedro.com.ar\/sitio\/wp-json\/wp\/v2\/comments?post=89722"}],"version-history":[{"count":1,"href":"https:\/\/eldiariodesanpedro.com.ar\/sitio\/wp-json\/wp\/v2\/posts\/89722\/revisions"}],"predecessor-version":[{"id":89724,"href":"https:\/\/eldiariodesanpedro.com.ar\/sitio\/wp-json\/wp\/v2\/posts\/89722\/revisions\/89724"}],"wp:featuredmedia":[{"embeddable":true,"href":"https:\/\/eldiariodesanpedro.com.ar\/sitio\/wp-json\/wp\/v2\/media\/89723"}],"wp:attachment":[{"href":"https:\/\/eldiariodesanpedro.com.ar\/sitio\/wp-json\/wp\/v2\/media?parent=89722"}],"wp:term":[{"taxonomy":"category","embeddable":true,"href":"https:\/\/eldiariodesanpedro.com.ar\/sitio\/wp-json\/wp\/v2\/categories?post=89722"},{"taxonomy":"post_tag","embeddable":true,"href":"https:\/\/eldiariodesanpedro.com.ar\/sitio\/wp-json\/wp\/v2\/tags?post=89722"}],"curies":[{"name":"wp","href":"https:\/\/api.w.org\/{rel}","templated":true}]}}