{"id":89719,"date":"2021-03-24T14:41:32","date_gmt":"2021-03-24T17:41:32","guid":{"rendered":"https:\/\/eldiariodesanpedro.com.ar\/sitio\/?p=89719"},"modified":"2021-03-24T14:41:36","modified_gmt":"2021-03-24T17:41:36","slug":"nuevo-costo-de-los-boletos-de-colectivos-a-castro-tala-santa-lucia-y-vuelta-de-obligado","status":"publish","type":"post","link":"https:\/\/eldiariodesanpedro.com.ar\/sitio\/nuevo-costo-de-los-boletos-de-colectivos-a-castro-tala-santa-lucia-y-vuelta-de-obligado\/","title":{"rendered":"Nuevo costo de los boletos de colectivos a Castro, Tala, Santa Lucia y Vuelta de Obligado"},"content":{"rendered":"<!-- VideographyWP Plugin Message: Automatic video embedding prevented by plugin options. -->\n\n<p>Como estaba previsto en las localidades vecinas el Ejecutivo Municipal realizo un acuerdo con la empresa Vercelli Hermanos para el aumento del pasaje de colectivos, como ya lo venia realizando en las ciudades vecinas como Ramallo y San Nicol\u00e1s.<\/p>\n\n\n\n<p>Este martes tras varias reuniones entre la empresa de transporte y los representantes de la municipalidad de San Pedro definitivamente se llego a un acuerdo para el aumento de la tarifa de colectivo de las localidades, pero en primer medidia debe pasar por el HCD para ser aprobado.<\/p>\n\n\n\n<p>Tambi\u00e9n se pudo llegar al acuerdo de volver a la normalidad de los horarios antes del comienzo de la pandemia.<\/p>\n\n\n\n<p>Los precios queda de la siguiente manera: <br>El boleto a Gobernador Castro y Santa Luc\u00eda  pasara de un valor de $65,45 a un aumento de $98,17.<br>A la localidad de R\u00edo Tala pasara de de $ 54,87 a 82,31.<br>Por su parte a Vuelta de Obligado pasar\u00e1 de 60,34 a 90,51.\u00a0<\/p>\n","protected":false},"excerpt":{"rendered":"<p>Como estaba previsto en las localidades vecinas el Ejecutivo Municipal realizo un acuerdo con la empresa Vercelli Hermanos para el aumento del pasaje de colectivos, como ya lo venia realizando en las ciudades vecinas como Ramallo y San Nicol\u00e1s. Este martes tras varias reuniones entre la empresa de transporte y los representantes de la municipalidad [&hellip;]<\/p>\n","protected":false},"author":4,"featured_media":89720,"comment_status":"open","ping_status":"closed","sticky":false,"template":"","format":"standard","meta":{"om_disable_all_campaigns":false,"_jetpack_memberships_contains_paid_content":false,"footnotes":""},"categories":[50,101,2],"tags":[],"class_list":["post-89719","post","type-post","status-publish","format-standard","has-post-thumbnail","hentry","category-destacadas","category-interes-general-locales","category-locales"],"aioseo_notices":[],"gutentor_comment":0,"jetpack_featured_media_url":"https:\/\/eldiariodesanpedro.com.ar\/sitio\/wp-content\/uploads\/2021\/03\/nota-759197-empresa-vercelli-hnos-pidio-nuevo-aumento-para-boleto-solicitud-esta-manos-concejo-deliberante-130410055653.jpg","jetpack_shortlink":"https:\/\/wp.me\/p6RhLt-nl5","jetpack_sharing_enabled":true,"_links":{"self":[{"href":"https:\/\/eldiariodesanpedro.com.ar\/sitio\/wp-json\/wp\/v2\/posts\/89719","targetHints":{"allow":["GET"]}}],"collection":[{"href":"https:\/\/eldiariodesanpedro.com.ar\/sitio\/wp-json\/wp\/v2\/posts"}],"about":[{"href":"https:\/\/eldiariodesanpedro.com.ar\/sitio\/wp-json\/wp\/v2\/types\/post"}],"author":[{"embeddable":true,"href":"https:\/\/eldiariodesanpedro.com.ar\/sitio\/wp-json\/wp\/v2\/users\/4"}],"replies":[{"embeddable":true,"href":"https:\/\/eldiariodesanpedro.com.ar\/sitio\/wp-json\/wp\/v2\/comments?post=89719"}],"version-history":[{"count":1,"href":"https:\/\/eldiariodesanpedro.com.ar\/sitio\/wp-json\/wp\/v2\/posts\/89719\/revisions"}],"predecessor-version":[{"id":89721,"href":"https:\/\/eldiariodesanpedro.com.ar\/sitio\/wp-json\/wp\/v2\/posts\/89719\/revisions\/89721"}],"wp:featuredmedia":[{"embeddable":true,"href":"https:\/\/eldiariodesanpedro.com.ar\/sitio\/wp-json\/wp\/v2\/media\/89720"}],"wp:attachment":[{"href":"https:\/\/eldiariodesanpedro.com.ar\/sitio\/wp-json\/wp\/v2\/media?parent=89719"}],"wp:term":[{"taxonomy":"category","embeddable":true,"href":"https:\/\/eldiariodesanpedro.com.ar\/sitio\/wp-json\/wp\/v2\/categories?post=89719"},{"taxonomy":"post_tag","embeddable":true,"href":"https:\/\/eldiariodesanpedro.com.ar\/sitio\/wp-json\/wp\/v2\/tags?post=89719"}],"curies":[{"name":"wp","href":"https:\/\/api.w.org\/{rel}","templated":true}]}}