{"id":89713,"date":"2021-03-24T14:16:10","date_gmt":"2021-03-24T17:16:10","guid":{"rendered":"https:\/\/eldiariodesanpedro.com.ar\/sitio\/?p=89713"},"modified":"2021-03-24T14:16:17","modified_gmt":"2021-03-24T17:16:17","slug":"vacunas-se-enviaron-120-mil-turnos-para-mayores-de-60-a-partir-de-manana","status":"publish","type":"post","link":"https:\/\/eldiariodesanpedro.com.ar\/sitio\/vacunas-se-enviaron-120-mil-turnos-para-mayores-de-60-a-partir-de-manana\/","title":{"rendered":"Vacunas: Se enviaron 120 mil turnos para mayores de 60 a partir de ma\u00f1ana"},"content":{"rendered":"<!-- VideographyWP Plugin Message: Automatic video embedding prevented by plugin options. -->\n\n<p>Desde la cartera sanitaria provincial hicieron el anuncio y la aplicaci\u00f3n de las vacunas ser\u00e1 los d\u00edas jueves, viernes y s\u00e1bado<\/p>\n\n\n\n<p>El gobierno de la provincia de Buenos Aires inform\u00f3 que envi\u00f3 casi 120 mil&nbsp;turnos&nbsp;para aplicar, a partir del jueves, las&nbsp;vacunas&nbsp;contra el coronavirus a personas&nbsp;mayores&nbsp;de 60 a\u00f1os.<\/p>\n\n\n\n<p>\u00abYa se est\u00e1n enviando 119.974 turnos destinados mayores de 60 para los d\u00edas jueves, viernes y s\u00e1bado\u00bb, inform\u00f3 el Ministerio de Salud provincial a trav\u00e9s de su red de Twitter.<\/p>\n\n\n\n<p>En la misma l\u00ednea, la cartera bonaerense recomend\u00f3 revisar peri\u00f3dicamente la APP o la web VacunatePBA \u201cpara ver si llego tu turno o el de tus adultos mayores cercanos\u00bb.<\/p>\n\n\n\n<p>Ya son 4.905.623 los bonaerenses que se anotaron para recibir la vacuna, seg\u00fan consign\u00f3 la cartera sanitaria que adem\u00e1s detall\u00f3 que el lunes se inmunizaron 17.666 personas.<\/p>\n\n\n\n<p>Adem\u00e1s, se aplicaron 1.263.378 vacunas en territorio bonaerense: 1.018.293 corresponden a la primera dosis y 245.085 a la segunda.<\/p>\n\n\n\n<p>Fuente: Infocielo<\/p>\n","protected":false},"excerpt":{"rendered":"<p>Desde la cartera sanitaria provincial hicieron el anuncio y la aplicaci\u00f3n de las vacunas ser\u00e1 los d\u00edas jueves, viernes y s\u00e1bado El gobierno de la provincia de Buenos Aires inform\u00f3 que envi\u00f3 casi 120 mil&nbsp;turnos&nbsp;para aplicar, a partir del jueves, las&nbsp;vacunas&nbsp;contra el coronavirus a personas&nbsp;mayores&nbsp;de 60 a\u00f1os. \u00abYa se est\u00e1n enviando 119.974 turnos destinados mayores [&hellip;]<\/p>\n","protected":false},"author":4,"featured_media":89714,"comment_status":"open","ping_status":"closed","sticky":false,"template":"","format":"standard","meta":{"om_disable_all_campaigns":false,"_jetpack_memberships_contains_paid_content":false,"footnotes":""},"categories":[2],"tags":[],"class_list":["post-89713","post","type-post","status-publish","format-standard","has-post-thumbnail","hentry","category-locales"],"aioseo_notices":[],"gutentor_comment":0,"jetpack_featured_media_url":"https:\/\/eldiariodesanpedro.com.ar\/sitio\/wp-content\/uploads\/2021\/03\/000090625.jpg","jetpack_shortlink":"https:\/\/wp.me\/p6RhLt-nkZ","jetpack_sharing_enabled":true,"_links":{"self":[{"href":"https:\/\/eldiariodesanpedro.com.ar\/sitio\/wp-json\/wp\/v2\/posts\/89713","targetHints":{"allow":["GET"]}}],"collection":[{"href":"https:\/\/eldiariodesanpedro.com.ar\/sitio\/wp-json\/wp\/v2\/posts"}],"about":[{"href":"https:\/\/eldiariodesanpedro.com.ar\/sitio\/wp-json\/wp\/v2\/types\/post"}],"author":[{"embeddable":true,"href":"https:\/\/eldiariodesanpedro.com.ar\/sitio\/wp-json\/wp\/v2\/users\/4"}],"replies":[{"embeddable":true,"href":"https:\/\/eldiariodesanpedro.com.ar\/sitio\/wp-json\/wp\/v2\/comments?post=89713"}],"version-history":[{"count":1,"href":"https:\/\/eldiariodesanpedro.com.ar\/sitio\/wp-json\/wp\/v2\/posts\/89713\/revisions"}],"predecessor-version":[{"id":89715,"href":"https:\/\/eldiariodesanpedro.com.ar\/sitio\/wp-json\/wp\/v2\/posts\/89713\/revisions\/89715"}],"wp:featuredmedia":[{"embeddable":true,"href":"https:\/\/eldiariodesanpedro.com.ar\/sitio\/wp-json\/wp\/v2\/media\/89714"}],"wp:attachment":[{"href":"https:\/\/eldiariodesanpedro.com.ar\/sitio\/wp-json\/wp\/v2\/media?parent=89713"}],"wp:term":[{"taxonomy":"category","embeddable":true,"href":"https:\/\/eldiariodesanpedro.com.ar\/sitio\/wp-json\/wp\/v2\/categories?post=89713"},{"taxonomy":"post_tag","embeddable":true,"href":"https:\/\/eldiariodesanpedro.com.ar\/sitio\/wp-json\/wp\/v2\/tags?post=89713"}],"curies":[{"name":"wp","href":"https:\/\/api.w.org\/{rel}","templated":true}]}}