{"id":89707,"date":"2021-03-24T13:05:11","date_gmt":"2021-03-24T16:05:11","guid":{"rendered":"https:\/\/eldiariodesanpedro.com.ar\/sitio\/?p=89707"},"modified":"2021-03-24T13:05:16","modified_gmt":"2021-03-24T16:05:16","slug":"se-recuperaron-cabreadas-de-metal-robadas","status":"publish","type":"post","link":"https:\/\/eldiariodesanpedro.com.ar\/sitio\/se-recuperaron-cabreadas-de-metal-robadas\/","title":{"rendered":"Se recuperaron cabreadas de metal robadas"},"content":{"rendered":"<!-- VideographyWP Plugin Message: Automatic video embedding prevented by plugin options. -->\n\n<p>La tarde del lunes pasado, el personal del Destacamento de Castro junto a personal del GTO a cargo de Guillermo Turci diligenci\u00f3 seis allanamientos, donde se secuestran en los mismos cabreadas de hierro.&nbsp;<\/p>\n\n\n\n<p>En algunos de los objetivos, las mismas ya estaban colocadas en la construcci\u00f3n de la vivienda.&nbsp;<\/p>\n\n\n\n<p>Dichos elementos se buscaban en el marco de hecho de robo, y sustra\u00eddas en el mes de diciembre del a\u00f1o pasado de un galp\u00f3n sin uso, ubicados en la misma localidad de Castro, zona suburbana y rural.&nbsp;<\/p>\n","protected":false},"excerpt":{"rendered":"<p>La tarde del lunes pasado, el personal del Destacamento de Castro junto a personal del GTO a cargo de Guillermo Turci diligenci\u00f3 seis allanamientos, donde se secuestran en los mismos cabreadas de hierro.&nbsp; En algunos de los objetivos, las mismas ya estaban colocadas en la construcci\u00f3n de la vivienda.&nbsp; Dichos elementos se buscaban en el [&hellip;]<\/p>\n","protected":false},"author":4,"featured_media":89708,"comment_status":"open","ping_status":"closed","sticky":false,"template":"","format":"standard","meta":{"om_disable_all_campaigns":false,"_jetpack_memberships_contains_paid_content":false,"footnotes":""},"categories":[2,103],"tags":[],"class_list":["post-89707","post","type-post","status-publish","format-standard","has-post-thumbnail","hentry","category-locales","category-policiales-locales"],"aioseo_notices":[],"gutentor_comment":0,"jetpack_featured_media_url":"https:\/\/eldiariodesanpedro.com.ar\/sitio\/wp-content\/uploads\/2021\/03\/WhatsApp-Image-2021-03-24-at-11.49.02.jpeg","jetpack_shortlink":"https:\/\/wp.me\/p6RhLt-nkT","jetpack_sharing_enabled":true,"_links":{"self":[{"href":"https:\/\/eldiariodesanpedro.com.ar\/sitio\/wp-json\/wp\/v2\/posts\/89707","targetHints":{"allow":["GET"]}}],"collection":[{"href":"https:\/\/eldiariodesanpedro.com.ar\/sitio\/wp-json\/wp\/v2\/posts"}],"about":[{"href":"https:\/\/eldiariodesanpedro.com.ar\/sitio\/wp-json\/wp\/v2\/types\/post"}],"author":[{"embeddable":true,"href":"https:\/\/eldiariodesanpedro.com.ar\/sitio\/wp-json\/wp\/v2\/users\/4"}],"replies":[{"embeddable":true,"href":"https:\/\/eldiariodesanpedro.com.ar\/sitio\/wp-json\/wp\/v2\/comments?post=89707"}],"version-history":[{"count":1,"href":"https:\/\/eldiariodesanpedro.com.ar\/sitio\/wp-json\/wp\/v2\/posts\/89707\/revisions"}],"predecessor-version":[{"id":89709,"href":"https:\/\/eldiariodesanpedro.com.ar\/sitio\/wp-json\/wp\/v2\/posts\/89707\/revisions\/89709"}],"wp:featuredmedia":[{"embeddable":true,"href":"https:\/\/eldiariodesanpedro.com.ar\/sitio\/wp-json\/wp\/v2\/media\/89708"}],"wp:attachment":[{"href":"https:\/\/eldiariodesanpedro.com.ar\/sitio\/wp-json\/wp\/v2\/media?parent=89707"}],"wp:term":[{"taxonomy":"category","embeddable":true,"href":"https:\/\/eldiariodesanpedro.com.ar\/sitio\/wp-json\/wp\/v2\/categories?post=89707"},{"taxonomy":"post_tag","embeddable":true,"href":"https:\/\/eldiariodesanpedro.com.ar\/sitio\/wp-json\/wp\/v2\/tags?post=89707"}],"curies":[{"name":"wp","href":"https:\/\/api.w.org\/{rel}","templated":true}]}}