{"id":89705,"date":"2021-03-24T13:02:03","date_gmt":"2021-03-24T16:02:03","guid":{"rendered":"https:\/\/eldiariodesanpedro.com.ar\/sitio\/?p=89705"},"modified":"2021-03-24T13:02:08","modified_gmt":"2021-03-24T16:02:08","slug":"denuncia-por-estafas-a-traves-de-tarjeta-de-credito-y-debito","status":"publish","type":"post","link":"https:\/\/eldiariodesanpedro.com.ar\/sitio\/denuncia-por-estafas-a-traves-de-tarjeta-de-credito-y-debito\/","title":{"rendered":"Denuncia por estafas a trav\u00e9s de tarjeta de cr\u00e9dito y d\u00e9bito"},"content":{"rendered":"<!-- VideographyWP Plugin Message: Automatic video embedding prevented by plugin options. -->\n\n<p>Este martes en la comisar\u00eda local se recibi\u00f3 la denuncia de un ciudadano de 34 a\u00f1os quien constat\u00f3 que desde su cuenta bancaria se realizaron distintos pagos de sus tarjetas de cr\u00e9dito y d\u00e9bito, desconociendo las operaciones.<\/p>\n\n\n\n<p>Se realizan las investigaciones pertinentes.<\/p>\n","protected":false},"excerpt":{"rendered":"<p>Este martes en la comisar\u00eda local se recibi\u00f3 la denuncia de un ciudadano de 34 a\u00f1os quien constat\u00f3 que desde su cuenta bancaria se realizaron distintos pagos de sus tarjetas de cr\u00e9dito y d\u00e9bito, desconociendo las operaciones. Se realizan las investigaciones pertinentes.<\/p>\n","protected":false},"author":4,"featured_media":45394,"comment_status":"open","ping_status":"closed","sticky":false,"template":"","format":"standard","meta":{"om_disable_all_campaigns":false,"_jetpack_memberships_contains_paid_content":false,"footnotes":""},"categories":[2,103],"tags":[],"class_list":["post-89705","post","type-post","status-publish","format-standard","has-post-thumbnail","hentry","category-locales","category-policiales-locales"],"aioseo_notices":[],"gutentor_comment":0,"jetpack_featured_media_url":"https:\/\/eldiariodesanpedro.com.ar\/sitio\/wp-content\/uploads\/2019\/01\/comisaria.jpg","jetpack_shortlink":"https:\/\/wp.me\/p6RhLt-nkR","jetpack_sharing_enabled":true,"_links":{"self":[{"href":"https:\/\/eldiariodesanpedro.com.ar\/sitio\/wp-json\/wp\/v2\/posts\/89705","targetHints":{"allow":["GET"]}}],"collection":[{"href":"https:\/\/eldiariodesanpedro.com.ar\/sitio\/wp-json\/wp\/v2\/posts"}],"about":[{"href":"https:\/\/eldiariodesanpedro.com.ar\/sitio\/wp-json\/wp\/v2\/types\/post"}],"author":[{"embeddable":true,"href":"https:\/\/eldiariodesanpedro.com.ar\/sitio\/wp-json\/wp\/v2\/users\/4"}],"replies":[{"embeddable":true,"href":"https:\/\/eldiariodesanpedro.com.ar\/sitio\/wp-json\/wp\/v2\/comments?post=89705"}],"version-history":[{"count":1,"href":"https:\/\/eldiariodesanpedro.com.ar\/sitio\/wp-json\/wp\/v2\/posts\/89705\/revisions"}],"predecessor-version":[{"id":89706,"href":"https:\/\/eldiariodesanpedro.com.ar\/sitio\/wp-json\/wp\/v2\/posts\/89705\/revisions\/89706"}],"wp:featuredmedia":[{"embeddable":true,"href":"https:\/\/eldiariodesanpedro.com.ar\/sitio\/wp-json\/wp\/v2\/media\/45394"}],"wp:attachment":[{"href":"https:\/\/eldiariodesanpedro.com.ar\/sitio\/wp-json\/wp\/v2\/media?parent=89705"}],"wp:term":[{"taxonomy":"category","embeddable":true,"href":"https:\/\/eldiariodesanpedro.com.ar\/sitio\/wp-json\/wp\/v2\/categories?post=89705"},{"taxonomy":"post_tag","embeddable":true,"href":"https:\/\/eldiariodesanpedro.com.ar\/sitio\/wp-json\/wp\/v2\/tags?post=89705"}],"curies":[{"name":"wp","href":"https:\/\/api.w.org\/{rel}","templated":true}]}}