{"id":89702,"date":"2021-03-24T13:00:21","date_gmt":"2021-03-24T16:00:21","guid":{"rendered":"https:\/\/eldiariodesanpedro.com.ar\/sitio\/?p=89702"},"modified":"2021-03-24T13:00:26","modified_gmt":"2021-03-24T16:00:26","slug":"secuestro-de-dos-revolveres-en-allanamiento","status":"publish","type":"post","link":"https:\/\/eldiariodesanpedro.com.ar\/sitio\/secuestro-de-dos-revolveres-en-allanamiento\/","title":{"rendered":"Secuestro de dos rev\u00f3lveres en allanamiento"},"content":{"rendered":"<!-- VideographyWP Plugin Message: Automatic video embedding prevented by plugin options. -->\n\n<p>En la tarde de ayer personal del GTO de la comisar\u00eda diligenciar \u00f3rdenes de allanamientos en el marco de causa amenazas iniciadas en comisar\u00eda de la Mujer y la Familia de San Pedro, por lo que se arroj\u00f3 resultado positivo&nbsp;&nbsp;<\/p>\n\n\n\n<p>En el operativo se secuestraron dos rev\u00f3lveres y municiones intactas, y se logr\u00f3 la aprehensi\u00f3n de el morador de la vivienda un hombre de 70 a\u00f1os de edad, por lo que se se cumplieron recaudos legales imputado no solo del delito de amenazas sino de tambi\u00e9n tenencia ilegal de arma de fuego.&nbsp;<\/p>\n\n\n\n<p>El aprehendido fue trasladado a la comisar\u00eda local donde toma intervenci\u00f3n la justicia local.<\/p>\n","protected":false},"excerpt":{"rendered":"<p>En la tarde de ayer personal del GTO de la comisar\u00eda diligenciar \u00f3rdenes de allanamientos en el marco de causa amenazas iniciadas en comisar\u00eda de la Mujer y la Familia de San Pedro, por lo que se arroj\u00f3 resultado positivo&nbsp;&nbsp; En el operativo se secuestraron dos rev\u00f3lveres y municiones intactas, y se logr\u00f3 la aprehensi\u00f3n [&hellip;]<\/p>\n","protected":false},"author":4,"featured_media":89703,"comment_status":"open","ping_status":"closed","sticky":false,"template":"","format":"standard","meta":{"om_disable_all_campaigns":false,"_jetpack_memberships_contains_paid_content":false,"footnotes":""},"categories":[50,2,103],"tags":[],"class_list":["post-89702","post","type-post","status-publish","format-standard","has-post-thumbnail","hentry","category-destacadas","category-locales","category-policiales-locales"],"aioseo_notices":[],"gutentor_comment":0,"jetpack_featured_media_url":"https:\/\/eldiariodesanpedro.com.ar\/sitio\/wp-content\/uploads\/2021\/03\/WhatsApp-Image-2021-03-24-at-11.48.40.jpeg","jetpack_shortlink":"https:\/\/wp.me\/p6RhLt-nkO","jetpack_sharing_enabled":true,"_links":{"self":[{"href":"https:\/\/eldiariodesanpedro.com.ar\/sitio\/wp-json\/wp\/v2\/posts\/89702","targetHints":{"allow":["GET"]}}],"collection":[{"href":"https:\/\/eldiariodesanpedro.com.ar\/sitio\/wp-json\/wp\/v2\/posts"}],"about":[{"href":"https:\/\/eldiariodesanpedro.com.ar\/sitio\/wp-json\/wp\/v2\/types\/post"}],"author":[{"embeddable":true,"href":"https:\/\/eldiariodesanpedro.com.ar\/sitio\/wp-json\/wp\/v2\/users\/4"}],"replies":[{"embeddable":true,"href":"https:\/\/eldiariodesanpedro.com.ar\/sitio\/wp-json\/wp\/v2\/comments?post=89702"}],"version-history":[{"count":1,"href":"https:\/\/eldiariodesanpedro.com.ar\/sitio\/wp-json\/wp\/v2\/posts\/89702\/revisions"}],"predecessor-version":[{"id":89704,"href":"https:\/\/eldiariodesanpedro.com.ar\/sitio\/wp-json\/wp\/v2\/posts\/89702\/revisions\/89704"}],"wp:featuredmedia":[{"embeddable":true,"href":"https:\/\/eldiariodesanpedro.com.ar\/sitio\/wp-json\/wp\/v2\/media\/89703"}],"wp:attachment":[{"href":"https:\/\/eldiariodesanpedro.com.ar\/sitio\/wp-json\/wp\/v2\/media?parent=89702"}],"wp:term":[{"taxonomy":"category","embeddable":true,"href":"https:\/\/eldiariodesanpedro.com.ar\/sitio\/wp-json\/wp\/v2\/categories?post=89702"},{"taxonomy":"post_tag","embeddable":true,"href":"https:\/\/eldiariodesanpedro.com.ar\/sitio\/wp-json\/wp\/v2\/tags?post=89702"}],"curies":[{"name":"wp","href":"https:\/\/api.w.org\/{rel}","templated":true}]}}