{"id":8969,"date":"2016-10-18T20:23:24","date_gmt":"2016-10-18T23:23:24","guid":{"rendered":"https:\/\/eldiariodesanpedro.com.ar\/sitio\/?p=8969"},"modified":"2016-10-18T20:23:24","modified_gmt":"2016-10-18T23:23:24","slug":"patricia-rocca-ahora-cerca-de-salazar-dejo-el-frente-renovador","status":"publish","type":"post","link":"https:\/\/eldiariodesanpedro.com.ar\/sitio\/patricia-rocca-ahora-cerca-de-salazar-dejo-el-frente-renovador\/","title":{"rendered":"Patricia Rocca, ahora cerca de Salazar, dej\u00f3 el Frente Renovador"},"content":{"rendered":"<p><!-- VideographyWP Plugin Message: Automatic video embedding prevented by plugin options. --><br \/>\nLa edil ligada hist\u00f3ricamente al sector del exgobernador Felipe Sol\u00e1 ha decidido cambiar de aire pol\u00edtico a nivel local abandonando el bloque que integra junto a Ariel Ramanzini y Jos\u00e9 Luis Tirelli.<br \/>\nConfirm\u00f3 que estar\u00e1 cerca del oficialismo, pero que no integrar\u00e1 Cambiemos, y que conformar\u00e1 un bloque junto al concejal Dalmy Butti.<br \/>\nLa decisi\u00f3n estar\u00eda ligada a que no comparte con Ramanzini el modo en que lleva adelante la oposici\u00f3n. Seg\u00fan se pudo establecer, pretender\u00eda llevar adelante su labor en el Concejo Deliberante de manera m\u00e1s \u201cindependiente\u201d, acompa\u00f1ar los proyecto que considera que son fruct\u00edferos para la ciudad o por el contrario si est\u00e1 en desacuerdo con cualquiera de las propuestas de los ediles votar\u00e1 en contra.<br \/>\nEn las pr\u00f3ximas horas, esto ser\u00eda confirmado mediante un comunicado oficial.<\/p>\n","protected":false},"excerpt":{"rendered":"<p>La edil ligada hist\u00f3ricamente al sector del exgobernador Felipe Sol\u00e1 ha decidido cambiar de aire pol\u00edtico a nivel local abandonando el bloque que integra junto a Ariel Ramanzini y Jos\u00e9 Luis Tirelli. Confirm\u00f3 que estar\u00e1 cerca del oficialismo, pero que no integrar\u00e1 Cambiemos, y que conformar\u00e1 un bloque junto al concejal Dalmy Butti. La decisi\u00f3n [&hellip;]<\/p>\n","protected":false},"author":4,"featured_media":8970,"comment_status":"open","ping_status":"closed","sticky":false,"template":"","format":"standard","meta":{"om_disable_all_campaigns":false,"_jetpack_memberships_contains_paid_content":false,"footnotes":""},"categories":[2,102],"tags":[],"class_list":["post-8969","post","type-post","status-publish","format-standard","has-post-thumbnail","hentry","category-locales","category-politica-locales"],"aioseo_notices":[],"gutentor_comment":0,"jetpack_featured_media_url":"https:\/\/eldiariodesanpedro.com.ar\/sitio\/wp-content\/uploads\/2016\/10\/Rocca-en-sesi\u00f3n-dos.jpg","jetpack_shortlink":"https:\/\/wp.me\/p6RhLt-2kF","jetpack_sharing_enabled":true,"_links":{"self":[{"href":"https:\/\/eldiariodesanpedro.com.ar\/sitio\/wp-json\/wp\/v2\/posts\/8969","targetHints":{"allow":["GET"]}}],"collection":[{"href":"https:\/\/eldiariodesanpedro.com.ar\/sitio\/wp-json\/wp\/v2\/posts"}],"about":[{"href":"https:\/\/eldiariodesanpedro.com.ar\/sitio\/wp-json\/wp\/v2\/types\/post"}],"author":[{"embeddable":true,"href":"https:\/\/eldiariodesanpedro.com.ar\/sitio\/wp-json\/wp\/v2\/users\/4"}],"replies":[{"embeddable":true,"href":"https:\/\/eldiariodesanpedro.com.ar\/sitio\/wp-json\/wp\/v2\/comments?post=8969"}],"version-history":[{"count":1,"href":"https:\/\/eldiariodesanpedro.com.ar\/sitio\/wp-json\/wp\/v2\/posts\/8969\/revisions"}],"predecessor-version":[{"id":8971,"href":"https:\/\/eldiariodesanpedro.com.ar\/sitio\/wp-json\/wp\/v2\/posts\/8969\/revisions\/8971"}],"wp:featuredmedia":[{"embeddable":true,"href":"https:\/\/eldiariodesanpedro.com.ar\/sitio\/wp-json\/wp\/v2\/media\/8970"}],"wp:attachment":[{"href":"https:\/\/eldiariodesanpedro.com.ar\/sitio\/wp-json\/wp\/v2\/media?parent=8969"}],"wp:term":[{"taxonomy":"category","embeddable":true,"href":"https:\/\/eldiariodesanpedro.com.ar\/sitio\/wp-json\/wp\/v2\/categories?post=8969"},{"taxonomy":"post_tag","embeddable":true,"href":"https:\/\/eldiariodesanpedro.com.ar\/sitio\/wp-json\/wp\/v2\/tags?post=8969"}],"curies":[{"name":"wp","href":"https:\/\/api.w.org\/{rel}","templated":true}]}}