{"id":89680,"date":"2021-03-23T19:56:01","date_gmt":"2021-03-23T22:56:01","guid":{"rendered":"https:\/\/eldiariodesanpedro.com.ar\/sitio\/?p=89680"},"modified":"2021-03-23T19:56:05","modified_gmt":"2021-03-23T22:56:05","slug":"retiro-de-vehiculos-abandonados-en-la-via-publica","status":"publish","type":"post","link":"https:\/\/eldiariodesanpedro.com.ar\/sitio\/retiro-de-vehiculos-abandonados-en-la-via-publica\/","title":{"rendered":"Retiro de veh\u00edculos abandonados en la v\u00eda p\u00fablica"},"content":{"rendered":"<!-- VideographyWP Plugin Message: Automatic video embedding prevented by plugin options. -->\n\n<p>La Municipalidad de San Pedro, a trav\u00e9s de la Direcci\u00f3n de Transito comenz\u00f3 con el levantamiento de veh\u00edculos en estado de abandono en la v\u00eda p\u00fablica que ponen en peligro la salud, la seguridad y el medio ambiente.<\/p>\n\n\n\n<p>Las tareas se iniciaron en el Barrio Villa Igoillo y se realizan con la notificaci\u00f3n de inspectores municipales.<\/p>\n\n\n\n<p>Es importante recordar que el Municipio a trav\u00e9s de la Ordenanza Municipal N\u00b05939 est\u00e1 adherido a la Ley Nacional N\u00b024.449.<\/p>\n\n\n\n<p>En la misma, se dispone que cualquier veh\u00edculo abandonado en la v\u00eda p\u00fablica durante 5 d\u00edas o m\u00e1s puede ser declarado en estado de abandono.<\/p>\n\n\n\n<p>Para evitar situaciones inc\u00f3modas, se recomienda a los vecinos que mantengan veh\u00edculos en estas condiciones, que los retiren a la brevedad.<\/p>\n\n\n\n<figure class=\"wp-block-image size-large\"><img decoding=\"async\" width=\"1024\" height=\"992\" data-attachment-id=\"89683\" data-permalink=\"https:\/\/eldiariodesanpedro.com.ar\/sitio\/retiro-de-vehiculos-abandonados-en-la-via-publica\/whatsapp-image-2021-03-23-at-19-00-21\/\" data-orig-file=\"https:\/\/eldiariodesanpedro.com.ar\/sitio\/wp-content\/uploads\/2021\/03\/WhatsApp-Image-2021-03-23-at-19.00.21.jpeg\" data-orig-size=\"1280,1240\" data-comments-opened=\"1\" data-image-meta=\"{&quot;aperture&quot;:&quot;0&quot;,&quot;credit&quot;:&quot;&quot;,&quot;camera&quot;:&quot;&quot;,&quot;caption&quot;:&quot;&quot;,&quot;created_timestamp&quot;:&quot;0&quot;,&quot;copyright&quot;:&quot;&quot;,&quot;focal_length&quot;:&quot;0&quot;,&quot;iso&quot;:&quot;0&quot;,&quot;shutter_speed&quot;:&quot;0&quot;,&quot;title&quot;:&quot;&quot;,&quot;orientation&quot;:&quot;0&quot;}\" data-image-title=\"WhatsApp-Image-2021-03-23-at-19.00.21\" data-image-description=\"\" data-image-caption=\"\" data-large-file=\"https:\/\/eldiariodesanpedro.com.ar\/sitio\/wp-content\/uploads\/2021\/03\/WhatsApp-Image-2021-03-23-at-19.00.21-1024x992.jpeg\" data-src=\"https:\/\/eldiariodesanpedro.com.ar\/sitio\/wp-content\/uploads\/2021\/03\/WhatsApp-Image-2021-03-23-at-19.00.21-1024x992.jpeg\" alt=\"\" class=\"wp-image-89683 lazyload\" data-srcset=\"https:\/\/eldiariodesanpedro.com.ar\/sitio\/wp-content\/uploads\/2021\/03\/WhatsApp-Image-2021-03-23-at-19.00.21-1024x992.jpeg 1024w, https:\/\/eldiariodesanpedro.com.ar\/sitio\/wp-content\/uploads\/2021\/03\/WhatsApp-Image-2021-03-23-at-19.00.21-300x291.jpeg 300w, https:\/\/eldiariodesanpedro.com.ar\/sitio\/wp-content\/uploads\/2021\/03\/WhatsApp-Image-2021-03-23-at-19.00.21-768x744.jpeg 768w, https:\/\/eldiariodesanpedro.com.ar\/sitio\/wp-content\/uploads\/2021\/03\/WhatsApp-Image-2021-03-23-at-19.00.21.jpeg 1280w\" data-sizes=\"(max-width: 1024px) 100vw, 1024px\" src=\"data:image\/svg+xml;base64,PHN2ZyB3aWR0aD0iMSIgaGVpZ2h0PSIxIiB4bWxucz0iaHR0cDovL3d3dy53My5vcmcvMjAwMC9zdmciPjwvc3ZnPg==\" style=\"--smush-placeholder-width: 1024px; --smush-placeholder-aspect-ratio: 1024\/992;\" \/><\/figure>\n","protected":false},"excerpt":{"rendered":"<p>La Municipalidad de San Pedro, a trav\u00e9s de la Direcci\u00f3n de Transito comenz\u00f3 con el levantamiento de veh\u00edculos en estado de abandono en la v\u00eda p\u00fablica que ponen en peligro la salud, la seguridad y el medio ambiente. Las tareas se iniciaron en el Barrio Villa Igoillo y se realizan con la notificaci\u00f3n de inspectores [&hellip;]<\/p>\n","protected":false},"author":4,"featured_media":89682,"comment_status":"open","ping_status":"closed","sticky":false,"template":"","format":"standard","meta":{"om_disable_all_campaigns":false,"_jetpack_memberships_contains_paid_content":false,"footnotes":""},"categories":[50,101,2],"tags":[],"class_list":["post-89680","post","type-post","status-publish","format-standard","has-post-thumbnail","hentry","category-destacadas","category-interes-general-locales","category-locales"],"aioseo_notices":[],"gutentor_comment":0,"jetpack_featured_media_url":"https:\/\/eldiariodesanpedro.com.ar\/sitio\/wp-content\/uploads\/2021\/03\/Foto-MGP-Autos-abandonados-en-la-via-publica.-768x488-1.jpg","jetpack_shortlink":"https:\/\/wp.me\/p6RhLt-nks","jetpack_sharing_enabled":true,"_links":{"self":[{"href":"https:\/\/eldiariodesanpedro.com.ar\/sitio\/wp-json\/wp\/v2\/posts\/89680","targetHints":{"allow":["GET"]}}],"collection":[{"href":"https:\/\/eldiariodesanpedro.com.ar\/sitio\/wp-json\/wp\/v2\/posts"}],"about":[{"href":"https:\/\/eldiariodesanpedro.com.ar\/sitio\/wp-json\/wp\/v2\/types\/post"}],"author":[{"embeddable":true,"href":"https:\/\/eldiariodesanpedro.com.ar\/sitio\/wp-json\/wp\/v2\/users\/4"}],"replies":[{"embeddable":true,"href":"https:\/\/eldiariodesanpedro.com.ar\/sitio\/wp-json\/wp\/v2\/comments?post=89680"}],"version-history":[{"count":1,"href":"https:\/\/eldiariodesanpedro.com.ar\/sitio\/wp-json\/wp\/v2\/posts\/89680\/revisions"}],"predecessor-version":[{"id":89684,"href":"https:\/\/eldiariodesanpedro.com.ar\/sitio\/wp-json\/wp\/v2\/posts\/89680\/revisions\/89684"}],"wp:featuredmedia":[{"embeddable":true,"href":"https:\/\/eldiariodesanpedro.com.ar\/sitio\/wp-json\/wp\/v2\/media\/89682"}],"wp:attachment":[{"href":"https:\/\/eldiariodesanpedro.com.ar\/sitio\/wp-json\/wp\/v2\/media?parent=89680"}],"wp:term":[{"taxonomy":"category","embeddable":true,"href":"https:\/\/eldiariodesanpedro.com.ar\/sitio\/wp-json\/wp\/v2\/categories?post=89680"},{"taxonomy":"post_tag","embeddable":true,"href":"https:\/\/eldiariodesanpedro.com.ar\/sitio\/wp-json\/wp\/v2\/tags?post=89680"}],"curies":[{"name":"wp","href":"https:\/\/api.w.org\/{rel}","templated":true}]}}