{"id":89668,"date":"2021-03-23T12:46:42","date_gmt":"2021-03-23T15:46:42","guid":{"rendered":"https:\/\/eldiariodesanpedro.com.ar\/sitio\/?p=89668"},"modified":"2021-03-23T12:46:46","modified_gmt":"2021-03-23T15:46:46","slug":"esta-abierto-el-registro-de-comercios-para-participar-del-programa-compra-mas-cerca","status":"publish","type":"post","link":"https:\/\/eldiariodesanpedro.com.ar\/sitio\/esta-abierto-el-registro-de-comercios-para-participar-del-programa-compra-mas-cerca\/","title":{"rendered":"Est\u00e1 abierto el registro de comercios para participar del programa \u00abCompr\u00e1 M\u00e1s Cerca\u00bb"},"content":{"rendered":"<!-- VideographyWP Plugin Message: Automatic video embedding prevented by plugin options. -->\n\n<p>En la continuidad del lanzamiento del programa M\u00e1s Cerca lanzado por el gobierno provincial y con la adhesi\u00f3n de la Secretar\u00eda de Desarrollo Econ\u00f3mico, se invita a los peque\u00f1os y medianos comercios a inscribirse para formar parte del plan y ofrecer mejores precios a sus consumidores.<\/p>\n\n\n\n<p>El plan apunta a garantizar precios de referencia de 23 bienes b\u00e1sicos de marcas gen\u00e9ricas, en comercios minoristas y mayoristas locales, en un listado compuesto por cuatro categor\u00edas: alimentos, bebidas, higiene personal y limpieza.<\/p>\n\n\n\n<p>\u201cCompr\u00e1 M\u00e1s Cerca\u201d tiene como objetivo dinamizar la actividad comercial, optimizar el abastecimiento y crear mecanismos de comercializaci\u00f3n para productos elaborados o fabricados por PyMEs y cooperativas locales.\u00bb<\/p>\n\n\n\n<p>Todos los comercios de nuestra ciudad que est\u00e9n interesados en participar de este programa debe acceder al siguiente link y completar todos los datos personales y del comercio.<\/p>\n\n\n\n<p><a href=\"https:\/\/forms.gle\/SNS74kkWCzhEVUKn7\">https:\/\/forms.gle\/SNS74kkWCzhEVUKn7<\/a><\/p>\n\n\n\n<p>Si necesita asistencia o m\u00e1s informaci\u00f3n pueden acercarse a la Secretar\u00eda de Desarrollo Econ\u00f3mico ubicada en Mitre y Liniers, en el horario de 8 a 14 hs, comunicarse al (03329) 422050 o por mail a desarrolloeconomico@sanpedro.gob.ar<\/p>\n\n\n\n<figure class=\"wp-block-image size-large\"><img decoding=\"async\" width=\"1024\" height=\"1024\" data-attachment-id=\"89670\" data-permalink=\"https:\/\/eldiariodesanpedro.com.ar\/sitio\/esta-abierto-el-registro-de-comercios-para-participar-del-programa-compra-mas-cerca\/whatsapp-image-2021-03-23-at-12-35-38\/\" data-orig-file=\"https:\/\/eldiariodesanpedro.com.ar\/sitio\/wp-content\/uploads\/2021\/03\/WhatsApp-Image-2021-03-23-at-12.35.38.jpeg\" data-orig-size=\"1280,1280\" data-comments-opened=\"1\" data-image-meta=\"{&quot;aperture&quot;:&quot;0&quot;,&quot;credit&quot;:&quot;&quot;,&quot;camera&quot;:&quot;&quot;,&quot;caption&quot;:&quot;&quot;,&quot;created_timestamp&quot;:&quot;0&quot;,&quot;copyright&quot;:&quot;&quot;,&quot;focal_length&quot;:&quot;0&quot;,&quot;iso&quot;:&quot;0&quot;,&quot;shutter_speed&quot;:&quot;0&quot;,&quot;title&quot;:&quot;&quot;,&quot;orientation&quot;:&quot;0&quot;}\" data-image-title=\"WhatsApp Image 2021-03-23 at 12.35.38\" data-image-description=\"\" data-image-caption=\"\" data-large-file=\"https:\/\/eldiariodesanpedro.com.ar\/sitio\/wp-content\/uploads\/2021\/03\/WhatsApp-Image-2021-03-23-at-12.35.38-1024x1024.jpeg\" data-src=\"https:\/\/eldiariodesanpedro.com.ar\/sitio\/wp-content\/uploads\/2021\/03\/WhatsApp-Image-2021-03-23-at-12.35.38-1024x1024.jpeg\" alt=\"\" class=\"wp-image-89670 lazyload\" data-srcset=\"https:\/\/eldiariodesanpedro.com.ar\/sitio\/wp-content\/uploads\/2021\/03\/WhatsApp-Image-2021-03-23-at-12.35.38-1024x1024.jpeg 1024w, https:\/\/eldiariodesanpedro.com.ar\/sitio\/wp-content\/uploads\/2021\/03\/WhatsApp-Image-2021-03-23-at-12.35.38-300x300.jpeg 300w, https:\/\/eldiariodesanpedro.com.ar\/sitio\/wp-content\/uploads\/2021\/03\/WhatsApp-Image-2021-03-23-at-12.35.38-150x150.jpeg 150w, https:\/\/eldiariodesanpedro.com.ar\/sitio\/wp-content\/uploads\/2021\/03\/WhatsApp-Image-2021-03-23-at-12.35.38-768x768.jpeg 768w, https:\/\/eldiariodesanpedro.com.ar\/sitio\/wp-content\/uploads\/2021\/03\/WhatsApp-Image-2021-03-23-at-12.35.38.jpeg 1280w\" data-sizes=\"(max-width: 1024px) 100vw, 1024px\" src=\"data:image\/svg+xml;base64,PHN2ZyB3aWR0aD0iMSIgaGVpZ2h0PSIxIiB4bWxucz0iaHR0cDovL3d3dy53My5vcmcvMjAwMC9zdmciPjwvc3ZnPg==\" style=\"--smush-placeholder-width: 1024px; --smush-placeholder-aspect-ratio: 1024\/1024;\" \/><\/figure>\n","protected":false},"excerpt":{"rendered":"<p>En la continuidad del lanzamiento del programa M\u00e1s Cerca lanzado por el gobierno provincial y con la adhesi\u00f3n de la Secretar\u00eda de Desarrollo Econ\u00f3mico, se invita a los peque\u00f1os y medianos comercios a inscribirse para formar parte del plan y ofrecer mejores precios a sus consumidores. El plan apunta a garantizar precios de referencia de [&hellip;]<\/p>\n","protected":false},"author":4,"featured_media":89669,"comment_status":"open","ping_status":"closed","sticky":false,"template":"","format":"standard","meta":{"om_disable_all_campaigns":false,"_jetpack_memberships_contains_paid_content":false,"footnotes":""},"categories":[101,2],"tags":[],"class_list":["post-89668","post","type-post","status-publish","format-standard","has-post-thumbnail","hentry","category-interes-general-locales","category-locales"],"aioseo_notices":[],"gutentor_comment":0,"jetpack_featured_media_url":"https:\/\/eldiariodesanpedro.com.ar\/sitio\/wp-content\/uploads\/2021\/03\/WhatsApp-Image-2021-03-23-at-12.35.23.jpeg","jetpack_shortlink":"https:\/\/wp.me\/p6RhLt-nkg","jetpack_sharing_enabled":true,"_links":{"self":[{"href":"https:\/\/eldiariodesanpedro.com.ar\/sitio\/wp-json\/wp\/v2\/posts\/89668","targetHints":{"allow":["GET"]}}],"collection":[{"href":"https:\/\/eldiariodesanpedro.com.ar\/sitio\/wp-json\/wp\/v2\/posts"}],"about":[{"href":"https:\/\/eldiariodesanpedro.com.ar\/sitio\/wp-json\/wp\/v2\/types\/post"}],"author":[{"embeddable":true,"href":"https:\/\/eldiariodesanpedro.com.ar\/sitio\/wp-json\/wp\/v2\/users\/4"}],"replies":[{"embeddable":true,"href":"https:\/\/eldiariodesanpedro.com.ar\/sitio\/wp-json\/wp\/v2\/comments?post=89668"}],"version-history":[{"count":1,"href":"https:\/\/eldiariodesanpedro.com.ar\/sitio\/wp-json\/wp\/v2\/posts\/89668\/revisions"}],"predecessor-version":[{"id":89671,"href":"https:\/\/eldiariodesanpedro.com.ar\/sitio\/wp-json\/wp\/v2\/posts\/89668\/revisions\/89671"}],"wp:featuredmedia":[{"embeddable":true,"href":"https:\/\/eldiariodesanpedro.com.ar\/sitio\/wp-json\/wp\/v2\/media\/89669"}],"wp:attachment":[{"href":"https:\/\/eldiariodesanpedro.com.ar\/sitio\/wp-json\/wp\/v2\/media?parent=89668"}],"wp:term":[{"taxonomy":"category","embeddable":true,"href":"https:\/\/eldiariodesanpedro.com.ar\/sitio\/wp-json\/wp\/v2\/categories?post=89668"},{"taxonomy":"post_tag","embeddable":true,"href":"https:\/\/eldiariodesanpedro.com.ar\/sitio\/wp-json\/wp\/v2\/tags?post=89668"}],"curies":[{"name":"wp","href":"https:\/\/api.w.org\/{rel}","templated":true}]}}