{"id":89657,"date":"2021-03-24T09:00:00","date_gmt":"2021-03-24T12:00:00","guid":{"rendered":"https:\/\/eldiariodesanpedro.com.ar\/sitio\/?p=89657"},"modified":"2021-03-24T11:15:05","modified_gmt":"2021-03-24T14:15:05","slug":"asamblea-general-ordinaria-del-club-nautico-san-pedro","status":"publish","type":"post","link":"https:\/\/eldiariodesanpedro.com.ar\/sitio\/asamblea-general-ordinaria-del-club-nautico-san-pedro\/","title":{"rendered":"Asamblea General Ordinaria del Club N\u00e1utico San Pedro"},"content":{"rendered":"<!-- VideographyWP Plugin Message: Automatic video embedding prevented by plugin options. -->\n\n<p>CONVOCATORIA 2020<\/p>\n\n\n\n<p>Conforme a lo dispuesto por el Art. 32\u00ba de los Estatutos Sociales, se convoca a los se\u00f1ores y se\u00f1oras socios activos y vitalicios del CLUB NAUTICO SAN PEDRO, a la ASAMBLEA GENERAL ORDINARIA de su 113\u00ba Ejercicio, a realizarse en la Sede Social ubicada en las calles Avda. Juan de Garay y Rivadavia de la Ciudad de San Pedro, el d\u00eda jueves 08 de Abril 2021 a las 14:00 horas al aire libre y con las medidas de distanciamiento y sanitaria por la pandemia covid-19, para tratar el siguiente:<\/p>\n\n\n\n<p><strong>ORDEN DEL DIA<br>1)<\/strong>&nbsp;Designaci\u00f3n de dos (2) asociados para firmar el Acta de la Asamblea.<br><strong>2)<\/strong>&nbsp;Aprobaci\u00f3n de la Gesti\u00f3n correspondiente a la extensi\u00f3n del mandato establecida en el art\u00edculo 2\u00ba y 4\u00ba de la Disposici\u00f3n DISPO-2020-28-DPPJMJGP y complementarias<strong><em>.<\/em><\/strong><br><strong>3)<\/strong>&nbsp;Consideraci\u00f3n y aprobaci\u00f3n de la Memoria, del Estado de Situaci\u00f3n Patrimonial, Estado de Recursos y Gastos, Estados Complementarios, Anexos, Notas, Informe de la Comisi\u00f3n Revisora de Cuentas y del Auditor Externo del 113\u00ba Ejercicio, comprendido entre el 1\u00ba de Abril de 2019 y el 31 de Marzo de 2020.<br><strong>4)<\/strong>&nbsp;Fijaci\u00f3n de las cuotas sociales y de ingreso a las distintas categor\u00edas, de acuerdo con lo establecido en el Estatuto Social.<br><strong>5)<\/strong>&nbsp;Elecci\u00f3n por dos (2) a\u00f1os desde el 1\u00ba de Abril de 2020, por terminaci\u00f3n de mandato de COMODORO en reemplazo de MARCOS PEDRO NOIZEUX ARANA. Por terminaci\u00f3n de mandato de SECRETARIO en reemplazo de DARIO RUBEN LOPEZ. Por terminaci\u00f3n de mandato de TESORERO en reemplazo de ESTEBAN MAXIMILIANO GRECO MARTINEZ. Por terminaci\u00f3n de mandato de VOCAL TITULAR 2\u00ba (Subcapit\u00e1n) en reemplazo de CRISTIAN ALEJANDRO MAGALLANES. Por terminaci\u00f3n de mandato de VOCAL TITULAR 3\u00ba en reemplazo de OSVALDO ALEJANDRO GIRANDOLA y por terminaci\u00f3n de mandato y renuncia de VOCAL TITULAR 4\u00ba en reemplazo CESAR MARTIN PEREZ.<\/p>\n\n\n\n<p>Elecci\u00f3n por un (1) a\u00f1o desde el 1\u00ba de Abril de 2020, por terminaci\u00f3n de mandato de tres VOCALES SUPLENTES, en reemplazo de JAVIER HERNAN VARELA, JUAN MANUEL CALABRESSI y JUAN AUGUSTO BALLADORI. De tres REVISORES DE CUENTAS, por renuncia y terminaci\u00f3n de mandato de HERNAN ARIEL ABATANGELO y por terminaci\u00f3n de mandato de JUAN MATIAS ALCORTA e IVAN ZARZECKI.<\/p>\n\n\n\n<p>Se deja constancia que en caso de existir m\u00e1s de una lista oficializada, el acto eleccionario se llevar\u00e1 a cabo el d\u00eda s\u00e1bado 10 de Abril en el horario de 10 a 18 horas.<\/p>\n\n\n\n<p>Tambi\u00e9n se deja constancia que ante la imposibilidad debido a factores clim\u00e1ticos, la asamblea se celebrar\u00e1 el d\u00eda viernes 09 de Abril a las 14 horas.<\/p>\n\n\n\n<p>Las listas de candidatos deber\u00e1n ser presentadas ante la Comisi\u00f3n Directiva hasta las 24 horas del d\u00eda s\u00e1bado 03 de abril de 2021, en la Secretar\u00eda de la Sede Social o en su defecto en la Porter\u00eda Principal.<\/p>\n\n\n\n<p><strong>Dar\u00edo Rub\u00e9n L\u00f3pez &#8211; Secretario<br>Marcos Pedro Noizeux Arana &#8211; Comodoro<\/strong><\/p>\n\n\n\n<p>ART. 35\u00ba) Las Asambleas se celebrar\u00e1n v\u00e1lidamente con la presencia de la mitad m\u00e1s uno de los Socios con derecho a voto. Una hora despu\u00e9s de la fijada, si antes no se hubiere conseguido ese n\u00famero, se reunir\u00e1 legalmente constituida con el n\u00famero de socios presentes,&nbsp; siempre que no fuera inferior al total de los miembros de la Comisi\u00f3n Directiva.<\/p>\n","protected":false},"excerpt":{"rendered":"<p>CONVOCATORIA 2020 Conforme a lo dispuesto por el Art. 32\u00ba de los Estatutos Sociales, se convoca a los se\u00f1ores y se\u00f1oras socios activos y vitalicios del CLUB NAUTICO SAN PEDRO, a la ASAMBLEA GENERAL ORDINARIA de su 113\u00ba Ejercicio, a realizarse en la Sede Social ubicada en las calles Avda. Juan de Garay y Rivadavia [&hellip;]<\/p>\n","protected":false},"author":4,"featured_media":89658,"comment_status":"open","ping_status":"closed","sticky":false,"template":"","format":"standard","meta":{"om_disable_all_campaigns":false,"_jetpack_memberships_contains_paid_content":false,"footnotes":""},"categories":[678,676],"tags":[],"class_list":["post-89657","post","type-post","status-publish","format-standard","has-post-thumbnail","hentry","category-convocatorias","category-edictos"],"aioseo_notices":[],"gutentor_comment":0,"jetpack_featured_media_url":"https:\/\/eldiariodesanpedro.com.ar\/sitio\/wp-content\/uploads\/2021\/03\/Club-Nautico-Convocatoria-2021-marzo.jpg","jetpack_shortlink":"https:\/\/wp.me\/p6RhLt-nk5","jetpack_sharing_enabled":true,"_links":{"self":[{"href":"https:\/\/eldiariodesanpedro.com.ar\/sitio\/wp-json\/wp\/v2\/posts\/89657","targetHints":{"allow":["GET"]}}],"collection":[{"href":"https:\/\/eldiariodesanpedro.com.ar\/sitio\/wp-json\/wp\/v2\/posts"}],"about":[{"href":"https:\/\/eldiariodesanpedro.com.ar\/sitio\/wp-json\/wp\/v2\/types\/post"}],"author":[{"embeddable":true,"href":"https:\/\/eldiariodesanpedro.com.ar\/sitio\/wp-json\/wp\/v2\/users\/4"}],"replies":[{"embeddable":true,"href":"https:\/\/eldiariodesanpedro.com.ar\/sitio\/wp-json\/wp\/v2\/comments?post=89657"}],"version-history":[{"count":2,"href":"https:\/\/eldiariodesanpedro.com.ar\/sitio\/wp-json\/wp\/v2\/posts\/89657\/revisions"}],"predecessor-version":[{"id":89688,"href":"https:\/\/eldiariodesanpedro.com.ar\/sitio\/wp-json\/wp\/v2\/posts\/89657\/revisions\/89688"}],"wp:featuredmedia":[{"embeddable":true,"href":"https:\/\/eldiariodesanpedro.com.ar\/sitio\/wp-json\/wp\/v2\/media\/89658"}],"wp:attachment":[{"href":"https:\/\/eldiariodesanpedro.com.ar\/sitio\/wp-json\/wp\/v2\/media?parent=89657"}],"wp:term":[{"taxonomy":"category","embeddable":true,"href":"https:\/\/eldiariodesanpedro.com.ar\/sitio\/wp-json\/wp\/v2\/categories?post=89657"},{"taxonomy":"post_tag","embeddable":true,"href":"https:\/\/eldiariodesanpedro.com.ar\/sitio\/wp-json\/wp\/v2\/tags?post=89657"}],"curies":[{"name":"wp","href":"https:\/\/api.w.org\/{rel}","templated":true}]}}