{"id":89654,"date":"2021-03-23T11:25:39","date_gmt":"2021-03-23T14:25:39","guid":{"rendered":"https:\/\/eldiariodesanpedro.com.ar\/sitio\/?p=89654"},"modified":"2021-03-23T11:25:48","modified_gmt":"2021-03-23T14:25:48","slug":"campana-llegaron-1200-nuevas-dosis-de-sputnik-v","status":"publish","type":"post","link":"https:\/\/eldiariodesanpedro.com.ar\/sitio\/campana-llegaron-1200-nuevas-dosis-de-sputnik-v\/","title":{"rendered":"CAMPANA | Llegaron 1200 nuevas dosis de Sputnik-V"},"content":{"rendered":"<!-- VideographyWP Plugin Message: Automatic video embedding prevented by plugin options. -->\n\n<p>Las mismas ser\u00e1n distribuidas en lotes de 600 a los puntos de vacunaci\u00f3n UTN y UNLU, y se destinan exclusivamente a mayores de 60 a\u00f1os. \u201cEl foco est\u00e1 puesto en vacunar a la poblaci\u00f3n mayor en los pr\u00f3ximos meses, y frente a la llegada de la segunda ola de pandemia proteger a los m\u00e1s vulnerables al virus\u201d asegur\u00f3 el Coordinador local del Plan Vacunate!, Leonardo Mid\u00f3n.<\/p>\n\n\n\n<p>El arribo de medio mill\u00f3n de nuevas dosis de la vacuna Sputnik-V a la Argentina impact\u00f3 r\u00e1pidamente en nuestra Ciudad, con la llegada de 1200 vacunas m\u00e1s para avanzar con el operativo de inoculaci\u00f3n frente a la pandemia de COVID-19 m\u00e1s grande de la historia.<br><br>Las dosis ser\u00e1n distribuidas en lotes de 600 a los puntos de vacunaci\u00f3n UTN y UNLU, siendo destinadas exclusivamente a mayores de 60 a\u00f1os. \u201cLa turnera surge del sistema provincial y est\u00e1 asignando turnos a los mayores del grupo mayores de 60\u201d asegur\u00f3 el Coordinador local del Plan Vacunate!, Leonardo Mid\u00f3n.<br><br>\u201cPor eso recibimos en nuestros vacunatorios vecinas de m\u00e1s de 100 a\u00f1os, las cuales pudieron transmitir su experiencia a los vecinos. Mayores de 70, de 80 y de 90 est\u00e1n siendo prioritarios para el sistema teniendo en cuenta adem\u00e1s el momento en el que se inscribieron al mismo\u201d agreg\u00f3.<br><br>\u201cEsperamos que tras la aplicaci\u00f3n de esta tanda de vacunas, logremos inocular el primer tercio de vecinos y vecinas que se inscribieron para recibirla\u201d sostuvo Mid\u00f3n, quien finaliz\u00f3 reiterando que \u201cel foco est\u00e1 puesto en vacunar a la poblaci\u00f3n mayor de 60 en los pr\u00f3ximos meses, y frente a la llegada de la segunda ola de pandemia proteger a los m\u00e1s vulnerables al virus\u00bb.<\/p>\n\n\n\n<p>Fuente: <a href=\"https:\/\/www.campananoticias.com\/\">Campana Noticias<\/a><\/p>\n","protected":false},"excerpt":{"rendered":"<p>Las mismas ser\u00e1n distribuidas en lotes de 600 a los puntos de vacunaci\u00f3n UTN y UNLU, y se destinan exclusivamente a mayores de 60 a\u00f1os. \u201cEl foco est\u00e1 puesto en vacunar a la poblaci\u00f3n mayor en los pr\u00f3ximos meses, y frente a la llegada de la segunda ola de pandemia proteger a los m\u00e1s vulnerables [&hellip;]<\/p>\n","protected":false},"author":4,"featured_media":89655,"comment_status":"open","ping_status":"closed","sticky":false,"template":"","format":"standard","meta":{"om_disable_all_campaigns":false,"_jetpack_memberships_contains_paid_content":false,"footnotes":""},"categories":[621],"tags":[],"class_list":["post-89654","post","type-post","status-publish","format-standard","has-post-thumbnail","hentry","category-regionales"],"aioseo_notices":[],"gutentor_comment":0,"jetpack_featured_media_url":"https:\/\/eldiariodesanpedro.com.ar\/sitio\/wp-content\/uploads\/2021\/03\/20210323102915.jpeg","jetpack_shortlink":"https:\/\/wp.me\/p6RhLt-nk2","jetpack_sharing_enabled":true,"_links":{"self":[{"href":"https:\/\/eldiariodesanpedro.com.ar\/sitio\/wp-json\/wp\/v2\/posts\/89654","targetHints":{"allow":["GET"]}}],"collection":[{"href":"https:\/\/eldiariodesanpedro.com.ar\/sitio\/wp-json\/wp\/v2\/posts"}],"about":[{"href":"https:\/\/eldiariodesanpedro.com.ar\/sitio\/wp-json\/wp\/v2\/types\/post"}],"author":[{"embeddable":true,"href":"https:\/\/eldiariodesanpedro.com.ar\/sitio\/wp-json\/wp\/v2\/users\/4"}],"replies":[{"embeddable":true,"href":"https:\/\/eldiariodesanpedro.com.ar\/sitio\/wp-json\/wp\/v2\/comments?post=89654"}],"version-history":[{"count":1,"href":"https:\/\/eldiariodesanpedro.com.ar\/sitio\/wp-json\/wp\/v2\/posts\/89654\/revisions"}],"predecessor-version":[{"id":89656,"href":"https:\/\/eldiariodesanpedro.com.ar\/sitio\/wp-json\/wp\/v2\/posts\/89654\/revisions\/89656"}],"wp:featuredmedia":[{"embeddable":true,"href":"https:\/\/eldiariodesanpedro.com.ar\/sitio\/wp-json\/wp\/v2\/media\/89655"}],"wp:attachment":[{"href":"https:\/\/eldiariodesanpedro.com.ar\/sitio\/wp-json\/wp\/v2\/media?parent=89654"}],"wp:term":[{"taxonomy":"category","embeddable":true,"href":"https:\/\/eldiariodesanpedro.com.ar\/sitio\/wp-json\/wp\/v2\/categories?post=89654"},{"taxonomy":"post_tag","embeddable":true,"href":"https:\/\/eldiariodesanpedro.com.ar\/sitio\/wp-json\/wp\/v2\/tags?post=89654"}],"curies":[{"name":"wp","href":"https:\/\/api.w.org\/{rel}","templated":true}]}}