{"id":89651,"date":"2021-03-23T11:22:56","date_gmt":"2021-03-23T14:22:56","guid":{"rendered":"https:\/\/eldiariodesanpedro.com.ar\/sitio\/?p=89651"},"modified":"2021-03-23T11:23:00","modified_gmt":"2021-03-23T14:23:00","slug":"baradero-denunciaron-penalmente-al-responsable-de-la-obra-social-osprem-sebastian-chapuis","status":"publish","type":"post","link":"https:\/\/eldiariodesanpedro.com.ar\/sitio\/baradero-denunciaron-penalmente-al-responsable-de-la-obra-social-osprem-sebastian-chapuis\/","title":{"rendered":"BARADERO | Denunciaron penalmente al responsable de la Obra Social OSPREM, Sebasti\u00e1n Chapuis"},"content":{"rendered":"<!-- VideographyWP Plugin Message: Automatic video embedding prevented by plugin options. -->\n\n<p>La misma se efectiviz\u00f3 el Viernes pasado cuando Carla Liaudat junto con su abogado Fernando Bogado se dirigieron hacia la Comisar\u00eda local para realizar una denuncia penal contra el responsable de la Obra Social OSPREM Sebasti\u00e1n Chapuis.<\/p>\n\n\n\n<p>El motivo se debe a las consecuencias que tuvo el no aprobamiento por parte de la oposici\u00f3n a la concesi\u00f3n del balneario municipal; tales como amenazas y desvinculaciones de la obra social a familiares de los Concejales, como es el caso de Carla Liaudat.<\/p>\n\n\n\n<p>Los testigos de la causa son los 8 Concejales que integran el espacio de Juntos por el Cambio; Gabriel Descalzo, Mart\u00edn Genoud, Mart\u00edn Cardenas, Claudio Maroli, Ver\u00f3nica Pena, Roxana Fallet, Mar\u00eda Laura Liaudat y Ver\u00f3nica Mira.<\/p>\n\n\n\n<p>Fuente: <a href=\"https:\/\/tulineadirecta.com\/denunciaron-penalmente-al-responsable-de-la-obra-social-osprem-sebastian-chapuis\/\">Tu Linea Directa<\/a><\/p>\n","protected":false},"excerpt":{"rendered":"<p>La misma se efectiviz\u00f3 el Viernes pasado cuando Carla Liaudat junto con su abogado Fernando Bogado se dirigieron hacia la Comisar\u00eda local para realizar una denuncia penal contra el responsable de la Obra Social OSPREM Sebasti\u00e1n Chapuis. El motivo se debe a las consecuencias que tuvo el no aprobamiento por parte de la oposici\u00f3n a [&hellip;]<\/p>\n","protected":false},"author":4,"featured_media":89652,"comment_status":"open","ping_status":"closed","sticky":false,"template":"","format":"standard","meta":{"om_disable_all_campaigns":false,"_jetpack_memberships_contains_paid_content":false,"footnotes":""},"categories":[621],"tags":[],"class_list":["post-89651","post","type-post","status-publish","format-standard","has-post-thumbnail","hentry","category-regionales"],"aioseo_notices":[],"gutentor_comment":0,"jetpack_featured_media_url":"https:\/\/eldiariodesanpedro.com.ar\/sitio\/wp-content\/uploads\/2021\/03\/Soerm.jpg","jetpack_shortlink":"https:\/\/wp.me\/p6RhLt-njZ","jetpack_sharing_enabled":true,"_links":{"self":[{"href":"https:\/\/eldiariodesanpedro.com.ar\/sitio\/wp-json\/wp\/v2\/posts\/89651","targetHints":{"allow":["GET"]}}],"collection":[{"href":"https:\/\/eldiariodesanpedro.com.ar\/sitio\/wp-json\/wp\/v2\/posts"}],"about":[{"href":"https:\/\/eldiariodesanpedro.com.ar\/sitio\/wp-json\/wp\/v2\/types\/post"}],"author":[{"embeddable":true,"href":"https:\/\/eldiariodesanpedro.com.ar\/sitio\/wp-json\/wp\/v2\/users\/4"}],"replies":[{"embeddable":true,"href":"https:\/\/eldiariodesanpedro.com.ar\/sitio\/wp-json\/wp\/v2\/comments?post=89651"}],"version-history":[{"count":1,"href":"https:\/\/eldiariodesanpedro.com.ar\/sitio\/wp-json\/wp\/v2\/posts\/89651\/revisions"}],"predecessor-version":[{"id":89653,"href":"https:\/\/eldiariodesanpedro.com.ar\/sitio\/wp-json\/wp\/v2\/posts\/89651\/revisions\/89653"}],"wp:featuredmedia":[{"embeddable":true,"href":"https:\/\/eldiariodesanpedro.com.ar\/sitio\/wp-json\/wp\/v2\/media\/89652"}],"wp:attachment":[{"href":"https:\/\/eldiariodesanpedro.com.ar\/sitio\/wp-json\/wp\/v2\/media?parent=89651"}],"wp:term":[{"taxonomy":"category","embeddable":true,"href":"https:\/\/eldiariodesanpedro.com.ar\/sitio\/wp-json\/wp\/v2\/categories?post=89651"},{"taxonomy":"post_tag","embeddable":true,"href":"https:\/\/eldiariodesanpedro.com.ar\/sitio\/wp-json\/wp\/v2\/tags?post=89651"}],"curies":[{"name":"wp","href":"https:\/\/api.w.org\/{rel}","templated":true}]}}