{"id":8965,"date":"2016-10-18T20:01:57","date_gmt":"2016-10-18T23:01:57","guid":{"rendered":"https:\/\/eldiariodesanpedro.com.ar\/sitio\/?p=8965"},"modified":"2016-10-18T20:01:57","modified_gmt":"2016-10-18T23:01:57","slug":"bomberos-sofoco-un-incendio-en-una-pila-de-basura","status":"publish","type":"post","link":"https:\/\/eldiariodesanpedro.com.ar\/sitio\/bomberos-sofoco-un-incendio-en-una-pila-de-basura\/","title":{"rendered":"Bomberos sofoc\u00f3 un incendio en una pila de basura"},"content":{"rendered":"<p><!-- VideographyWP Plugin Message: Automatic video embedding prevented by plugin options. --><br \/>\nUna dotaci\u00f3n del cuerpo de Bomberos Voluntarios a cargo del oficial H\u00e9ctor Keudell debi\u00f3 concurrir ayer a la ma\u00f1ana, cerca de las 6.00, a una vivienda de calle Beaumont al 900 ante la alerta telef\u00f3nica de que se estaba produciendo un siniestro.<br \/>\nEl incendio se hab\u00eda desatado en un patio trasero que tiene la propiedad. \u201cHab\u00eda maderas, cajones pl\u00e1sticos, damajuanas, entre otros elementos\u201d, dijo Keudell. Al tiempo que asever\u00f3: \u201cProcedimos a la extinci\u00f3n del incendio\u201d y agreg\u00f3: \u201cLa llamas eran bastante altas y hab\u00eda mucha temperatura\u201d.<\/p>\n","protected":false},"excerpt":{"rendered":"<p>Una dotaci\u00f3n del cuerpo de Bomberos Voluntarios a cargo del oficial H\u00e9ctor Keudell debi\u00f3 concurrir ayer a la ma\u00f1ana, cerca de las 6.00, a una vivienda de calle Beaumont al 900 ante la alerta telef\u00f3nica de que se estaba produciendo un siniestro. El incendio se hab\u00eda desatado en un patio trasero que tiene la propiedad. [&hellip;]<\/p>\n","protected":false},"author":4,"featured_media":8966,"comment_status":"open","ping_status":"closed","sticky":false,"template":"","format":"standard","meta":{"om_disable_all_campaigns":false,"_jetpack_memberships_contains_paid_content":false,"footnotes":""},"categories":[50,101,2],"tags":[],"class_list":["post-8965","post","type-post","status-publish","format-standard","has-post-thumbnail","hentry","category-destacadas","category-interes-general-locales","category-locales"],"aioseo_notices":[],"gutentor_comment":0,"jetpack_featured_media_url":"https:\/\/eldiariodesanpedro.com.ar\/sitio\/wp-content\/uploads\/2016\/10\/bomberos.jpg","jetpack_shortlink":"https:\/\/wp.me\/p6RhLt-2kB","jetpack_sharing_enabled":true,"_links":{"self":[{"href":"https:\/\/eldiariodesanpedro.com.ar\/sitio\/wp-json\/wp\/v2\/posts\/8965","targetHints":{"allow":["GET"]}}],"collection":[{"href":"https:\/\/eldiariodesanpedro.com.ar\/sitio\/wp-json\/wp\/v2\/posts"}],"about":[{"href":"https:\/\/eldiariodesanpedro.com.ar\/sitio\/wp-json\/wp\/v2\/types\/post"}],"author":[{"embeddable":true,"href":"https:\/\/eldiariodesanpedro.com.ar\/sitio\/wp-json\/wp\/v2\/users\/4"}],"replies":[{"embeddable":true,"href":"https:\/\/eldiariodesanpedro.com.ar\/sitio\/wp-json\/wp\/v2\/comments?post=8965"}],"version-history":[{"count":1,"href":"https:\/\/eldiariodesanpedro.com.ar\/sitio\/wp-json\/wp\/v2\/posts\/8965\/revisions"}],"predecessor-version":[{"id":8967,"href":"https:\/\/eldiariodesanpedro.com.ar\/sitio\/wp-json\/wp\/v2\/posts\/8965\/revisions\/8967"}],"wp:featuredmedia":[{"embeddable":true,"href":"https:\/\/eldiariodesanpedro.com.ar\/sitio\/wp-json\/wp\/v2\/media\/8966"}],"wp:attachment":[{"href":"https:\/\/eldiariodesanpedro.com.ar\/sitio\/wp-json\/wp\/v2\/media?parent=8965"}],"wp:term":[{"taxonomy":"category","embeddable":true,"href":"https:\/\/eldiariodesanpedro.com.ar\/sitio\/wp-json\/wp\/v2\/categories?post=8965"},{"taxonomy":"post_tag","embeddable":true,"href":"https:\/\/eldiariodesanpedro.com.ar\/sitio\/wp-json\/wp\/v2\/tags?post=8965"}],"curies":[{"name":"wp","href":"https:\/\/api.w.org\/{rel}","templated":true}]}}