{"id":89648,"date":"2021-03-23T11:17:19","date_gmt":"2021-03-23T14:17:19","guid":{"rendered":"https:\/\/eldiariodesanpedro.com.ar\/sitio\/?p=89648"},"modified":"2021-03-23T11:17:22","modified_gmt":"2021-03-23T14:17:22","slug":"zarate-el-ministerio-de-seguridad-bonaerense-envio-12-patrulleros-para-zarate-y-otros-5-para-lima","status":"publish","type":"post","link":"https:\/\/eldiariodesanpedro.com.ar\/sitio\/zarate-el-ministerio-de-seguridad-bonaerense-envio-12-patrulleros-para-zarate-y-otros-5-para-lima\/","title":{"rendered":"Z\u00c1RATE | El Ministerio de Seguridad bonaerense envi\u00f3 12 patrulleros para Z\u00e1rate y otros 5 para Lima"},"content":{"rendered":"<!-- VideographyWP Plugin Message: Automatic video embedding prevented by plugin options. -->\n\n<p>Frente a la Comisar\u00eda Primera esta tarde se estacionaron 12 nuevos patrulleros policiales enviados por el Ministerio de Seguridad de la Provincia de Buenos Aires. Mientras que Lima recibi\u00f3 otros 5 patrulleros nuevos.<\/p>\n\n\n\n<p>El anuncio hab\u00eda sido anticipado d\u00edas pasados por funcionarios del Ministerio que conduce Sergio Berni en el marco de una protesta por los crecientes hechos delictivos en el barrio Villa Fox. Ahora son 17 el total de m\u00f3viles policiales que dispone la zona de Z\u00e1rate.<\/p>\n\n\n\n<p>En tanto que ahora se espera la llegada de efectivos policiales, ser\u00e1n 1.200 en una primera etapa distribuidos entre Z\u00e1rate y localidades de la regi\u00f3n.<\/p>\n\n\n\n<p>Fuente: <a href=\"https:\/\/impactolocal.com.ar\/2021\/03\/22\/el-ministerio-de-seguridad-bonaerense-envio-12-patrulleros-para-zarate-y-otros-5-para-lima\/\">Impacto Local<\/a><\/p>\n","protected":false},"excerpt":{"rendered":"<p>Frente a la Comisar\u00eda Primera esta tarde se estacionaron 12 nuevos patrulleros policiales enviados por el Ministerio de Seguridad de la Provincia de Buenos Aires. Mientras que Lima recibi\u00f3 otros 5 patrulleros nuevos. El anuncio hab\u00eda sido anticipado d\u00edas pasados por funcionarios del Ministerio que conduce Sergio Berni en el marco de una protesta por [&hellip;]<\/p>\n","protected":false},"author":4,"featured_media":89649,"comment_status":"open","ping_status":"closed","sticky":false,"template":"","format":"standard","meta":{"om_disable_all_campaigns":false,"_jetpack_memberships_contains_paid_content":false,"footnotes":""},"categories":[621],"tags":[],"class_list":["post-89648","post","type-post","status-publish","format-standard","has-post-thumbnail","hentry","category-regionales"],"aioseo_notices":[],"gutentor_comment":0,"jetpack_featured_media_url":"https:\/\/eldiariodesanpedro.com.ar\/sitio\/wp-content\/uploads\/2021\/03\/IMG-20210322-WA0040.jpg","jetpack_shortlink":"https:\/\/wp.me\/p6RhLt-njW","jetpack_sharing_enabled":true,"_links":{"self":[{"href":"https:\/\/eldiariodesanpedro.com.ar\/sitio\/wp-json\/wp\/v2\/posts\/89648","targetHints":{"allow":["GET"]}}],"collection":[{"href":"https:\/\/eldiariodesanpedro.com.ar\/sitio\/wp-json\/wp\/v2\/posts"}],"about":[{"href":"https:\/\/eldiariodesanpedro.com.ar\/sitio\/wp-json\/wp\/v2\/types\/post"}],"author":[{"embeddable":true,"href":"https:\/\/eldiariodesanpedro.com.ar\/sitio\/wp-json\/wp\/v2\/users\/4"}],"replies":[{"embeddable":true,"href":"https:\/\/eldiariodesanpedro.com.ar\/sitio\/wp-json\/wp\/v2\/comments?post=89648"}],"version-history":[{"count":1,"href":"https:\/\/eldiariodesanpedro.com.ar\/sitio\/wp-json\/wp\/v2\/posts\/89648\/revisions"}],"predecessor-version":[{"id":89650,"href":"https:\/\/eldiariodesanpedro.com.ar\/sitio\/wp-json\/wp\/v2\/posts\/89648\/revisions\/89650"}],"wp:featuredmedia":[{"embeddable":true,"href":"https:\/\/eldiariodesanpedro.com.ar\/sitio\/wp-json\/wp\/v2\/media\/89649"}],"wp:attachment":[{"href":"https:\/\/eldiariodesanpedro.com.ar\/sitio\/wp-json\/wp\/v2\/media?parent=89648"}],"wp:term":[{"taxonomy":"category","embeddable":true,"href":"https:\/\/eldiariodesanpedro.com.ar\/sitio\/wp-json\/wp\/v2\/categories?post=89648"},{"taxonomy":"post_tag","embeddable":true,"href":"https:\/\/eldiariodesanpedro.com.ar\/sitio\/wp-json\/wp\/v2\/tags?post=89648"}],"curies":[{"name":"wp","href":"https:\/\/api.w.org\/{rel}","templated":true}]}}