{"id":89645,"date":"2021-03-23T10:03:33","date_gmt":"2021-03-23T13:03:33","guid":{"rendered":"https:\/\/eldiariodesanpedro.com.ar\/sitio\/?p=89645"},"modified":"2021-03-23T10:03:38","modified_gmt":"2021-03-23T13:03:38","slug":"baradero-incendio-de-un-automovil-en-ruta-41-kilometro-308","status":"publish","type":"post","link":"https:\/\/eldiariodesanpedro.com.ar\/sitio\/baradero-incendio-de-un-automovil-en-ruta-41-kilometro-308\/","title":{"rendered":"BARADERO | Incendio de un autom\u00f3vil en ruta 41 kil\u00f3metro 308"},"content":{"rendered":"<!-- VideographyWP Plugin Message: Automatic video embedding prevented by plugin options. -->\n\n<p>El hecho ocurri\u00f3 esta ma\u00f1ana cuando se desplaz\u00f3 el m\u00f3vil 2\/45 y 28 hacia cercan\u00edas del campo \u201cEl Caballito\u201d para poder extinguir el mismo.<\/p>\n\n\n\n<p>Al arribar al lugar, notaron que el fuego ya hab\u00eda sido apagado por camioneros que pasaban por el lugar.<\/p>\n\n\n\n<p>Sebasti\u00e1n Rivadeneira fue quien estuvo a cargo de la dotaci\u00f3n e inform\u00f3 que se trataba de un remis de nuestra ciudad que no pose\u00eda pasajeros.<\/p>\n\n\n\n<p>Fuente: <a href=\"https:\/\/tulineadirecta.com\/incendio-de-un-automovil-en-ruta-41-kilometro-308\/\">Tu Linea Directa<\/a><\/p>\n","protected":false},"excerpt":{"rendered":"<p>El hecho ocurri\u00f3 esta ma\u00f1ana cuando se desplaz\u00f3 el m\u00f3vil 2\/45 y 28 hacia cercan\u00edas del campo \u201cEl Caballito\u201d para poder extinguir el mismo. Al arribar al lugar, notaron que el fuego ya hab\u00eda sido apagado por camioneros que pasaban por el lugar. Sebasti\u00e1n Rivadeneira fue quien estuvo a cargo de la dotaci\u00f3n e inform\u00f3 [&hellip;]<\/p>\n","protected":false},"author":4,"featured_media":89646,"comment_status":"open","ping_status":"closed","sticky":false,"template":"","format":"standard","meta":{"om_disable_all_campaigns":false,"_jetpack_memberships_contains_paid_content":false,"footnotes":""},"categories":[621],"tags":[],"class_list":["post-89645","post","type-post","status-publish","format-standard","has-post-thumbnail","hentry","category-regionales"],"aioseo_notices":[],"gutentor_comment":0,"jetpack_featured_media_url":"https:\/\/eldiariodesanpedro.com.ar\/sitio\/wp-content\/uploads\/2021\/03\/incendio-automovil-ruta-41-km-308.jpg","jetpack_shortlink":"https:\/\/wp.me\/p6RhLt-njT","jetpack_sharing_enabled":true,"_links":{"self":[{"href":"https:\/\/eldiariodesanpedro.com.ar\/sitio\/wp-json\/wp\/v2\/posts\/89645","targetHints":{"allow":["GET"]}}],"collection":[{"href":"https:\/\/eldiariodesanpedro.com.ar\/sitio\/wp-json\/wp\/v2\/posts"}],"about":[{"href":"https:\/\/eldiariodesanpedro.com.ar\/sitio\/wp-json\/wp\/v2\/types\/post"}],"author":[{"embeddable":true,"href":"https:\/\/eldiariodesanpedro.com.ar\/sitio\/wp-json\/wp\/v2\/users\/4"}],"replies":[{"embeddable":true,"href":"https:\/\/eldiariodesanpedro.com.ar\/sitio\/wp-json\/wp\/v2\/comments?post=89645"}],"version-history":[{"count":1,"href":"https:\/\/eldiariodesanpedro.com.ar\/sitio\/wp-json\/wp\/v2\/posts\/89645\/revisions"}],"predecessor-version":[{"id":89647,"href":"https:\/\/eldiariodesanpedro.com.ar\/sitio\/wp-json\/wp\/v2\/posts\/89645\/revisions\/89647"}],"wp:featuredmedia":[{"embeddable":true,"href":"https:\/\/eldiariodesanpedro.com.ar\/sitio\/wp-json\/wp\/v2\/media\/89646"}],"wp:attachment":[{"href":"https:\/\/eldiariodesanpedro.com.ar\/sitio\/wp-json\/wp\/v2\/media?parent=89645"}],"wp:term":[{"taxonomy":"category","embeddable":true,"href":"https:\/\/eldiariodesanpedro.com.ar\/sitio\/wp-json\/wp\/v2\/categories?post=89645"},{"taxonomy":"post_tag","embeddable":true,"href":"https:\/\/eldiariodesanpedro.com.ar\/sitio\/wp-json\/wp\/v2\/tags?post=89645"}],"curies":[{"name":"wp","href":"https:\/\/api.w.org\/{rel}","templated":true}]}}