{"id":89639,"date":"2021-03-23T09:53:17","date_gmt":"2021-03-23T12:53:17","guid":{"rendered":"https:\/\/eldiariodesanpedro.com.ar\/sitio\/?p=89639"},"modified":"2021-03-23T09:53:23","modified_gmt":"2021-03-23T12:53:23","slug":"baradero-11-anos-de-una-tragica-madrugada-que-cambio-la-historia-de-la-ciudad","status":"publish","type":"post","link":"https:\/\/eldiariodesanpedro.com.ar\/sitio\/baradero-11-anos-de-una-tragica-madrugada-que-cambio-la-historia-de-la-ciudad\/","title":{"rendered":"BARADERO | 11 a\u00f1os de una tr\u00e1gica madrugada que cambi\u00f3 la historia de la ciudad"},"content":{"rendered":"<!-- VideographyWP Plugin Message: Automatic video embedding prevented by plugin options. -->\n\n<p>El pasado 21 de marzo de 2010, las pol\u00edticas de tr\u00e1nsito llevadas a cabo por el municipio -de la mano de Pablo Scarfoni- se cobr\u00f3 la vida de dos adolescentes.<\/p>\n\n\n\n<p>La bronca contenida de una sociedad que no se atenia a los controles viales, impulsada por algunos sectores pol\u00edticos en agitaci\u00f3n, aprovecharon el momento para causar da\u00f1os en los edificios p\u00fablicos y la municipalidad.<\/p>\n\n\n\n<p>La muerte de Giuliana y Portu, fue lamentablemente una se\u00f1al de advertencia de lo que muchos baraderenses ya anunciaban: concientizar sobre el tr\u00e1nsito no validaba perseguir y detener a los infractores a como de lugar.<\/p>\n\n\n\n<p>Desde ese d\u00eda nada volvi\u00f3 a ser como antes en Baradero. Dos familias despedazadas por el dolor de la p\u00e9rdida de dos j\u00f3venes y una sociedad que aprovech\u00f3 para invalidar todo lo que despu\u00e9s pod\u00eda hacerse sobre una problem\u00e1tica de seguridad vial que a 11 a\u00f1os despu\u00e9s sigue siendo una deuda pendiente.<\/p>\n\n\n\n<p>El recuerdo esta grabado en la memoria y es por eso que hoy queremos recordar esta fecha, para que en Baradero no vuelva a pasar.<\/p>\n\n\n\n<p>Fuente: Tu Linea Directa<\/p>\n","protected":false},"excerpt":{"rendered":"<p>El pasado 21 de marzo de 2010, las pol\u00edticas de tr\u00e1nsito llevadas a cabo por el municipio -de la mano de Pablo Scarfoni- se cobr\u00f3 la vida de dos adolescentes. La bronca contenida de una sociedad que no se atenia a los controles viales, impulsada por algunos sectores pol\u00edticos en agitaci\u00f3n, aprovecharon el momento para [&hellip;]<\/p>\n","protected":false},"author":4,"featured_media":89640,"comment_status":"open","ping_status":"closed","sticky":false,"template":"","format":"standard","meta":{"om_disable_all_campaigns":false,"_jetpack_memberships_contains_paid_content":false,"footnotes":""},"categories":[621],"tags":[],"class_list":["post-89639","post","type-post","status-publish","format-standard","has-post-thumbnail","hentry","category-regionales"],"aioseo_notices":[],"gutentor_comment":0,"jetpack_featured_media_url":"https:\/\/eldiariodesanpedro.com.ar\/sitio\/wp-content\/uploads\/2021\/03\/b-chicos-21-tapaaaa1_1_0.jpg","jetpack_shortlink":"https:\/\/wp.me\/p6RhLt-njN","jetpack_sharing_enabled":true,"_links":{"self":[{"href":"https:\/\/eldiariodesanpedro.com.ar\/sitio\/wp-json\/wp\/v2\/posts\/89639","targetHints":{"allow":["GET"]}}],"collection":[{"href":"https:\/\/eldiariodesanpedro.com.ar\/sitio\/wp-json\/wp\/v2\/posts"}],"about":[{"href":"https:\/\/eldiariodesanpedro.com.ar\/sitio\/wp-json\/wp\/v2\/types\/post"}],"author":[{"embeddable":true,"href":"https:\/\/eldiariodesanpedro.com.ar\/sitio\/wp-json\/wp\/v2\/users\/4"}],"replies":[{"embeddable":true,"href":"https:\/\/eldiariodesanpedro.com.ar\/sitio\/wp-json\/wp\/v2\/comments?post=89639"}],"version-history":[{"count":1,"href":"https:\/\/eldiariodesanpedro.com.ar\/sitio\/wp-json\/wp\/v2\/posts\/89639\/revisions"}],"predecessor-version":[{"id":89641,"href":"https:\/\/eldiariodesanpedro.com.ar\/sitio\/wp-json\/wp\/v2\/posts\/89639\/revisions\/89641"}],"wp:featuredmedia":[{"embeddable":true,"href":"https:\/\/eldiariodesanpedro.com.ar\/sitio\/wp-json\/wp\/v2\/media\/89640"}],"wp:attachment":[{"href":"https:\/\/eldiariodesanpedro.com.ar\/sitio\/wp-json\/wp\/v2\/media?parent=89639"}],"wp:term":[{"taxonomy":"category","embeddable":true,"href":"https:\/\/eldiariodesanpedro.com.ar\/sitio\/wp-json\/wp\/v2\/categories?post=89639"},{"taxonomy":"post_tag","embeddable":true,"href":"https:\/\/eldiariodesanpedro.com.ar\/sitio\/wp-json\/wp\/v2\/tags?post=89639"}],"curies":[{"name":"wp","href":"https:\/\/api.w.org\/{rel}","templated":true}]}}