{"id":89636,"date":"2021-03-23T09:42:09","date_gmt":"2021-03-23T12:42:09","guid":{"rendered":"https:\/\/eldiariodesanpedro.com.ar\/sitio\/?p=89636"},"modified":"2021-03-23T09:42:14","modified_gmt":"2021-03-23T12:42:14","slug":"ramallo-un-total-de-77-familias-firmaran-las-escrituras-de-sus-viviendas","status":"publish","type":"post","link":"https:\/\/eldiariodesanpedro.com.ar\/sitio\/ramallo-un-total-de-77-familias-firmaran-las-escrituras-de-sus-viviendas\/","title":{"rendered":"RAMALLO | Un total de 77 familias firmar\u00e1n las escrituras de sus viviendas"},"content":{"rendered":"<!-- VideographyWP Plugin Message: Automatic video embedding prevented by plugin options. -->\n\n<p>En el marco del programa \u201cMi escritura, mi casa\u201d implementado por el gobierno de la provincia de Buenos Aires, en conjunto con el municipio de Ramallo, un total de 77 familias del partido firmar\u00e1n sus t\u00edtulos de propiedad.<\/p>\n\n\n\n<p>La jornada de escrituraci\u00f3n se realizar\u00e1 el jueves 25 de marzo a las 10:30 hs, en la Plaza Jos\u00e9 Mar\u00eda Bustos de Ramallo, en caso de lluvia en la sede de la Sociedad Italiana \u00abPatria y Uni\u00f3n\u00bb. El mismo estar\u00e1 encabezado por el intendente Gustavo Perie y la escribana adscripta directora, Mar\u00eda de los \u00c1ngeles Villanueva.<\/p>\n\n\n\n<p>Cabe destacar que cada una de las familias participantes del evento pudo gestionar sus escrituras de forma totalmente gratuita a trav\u00e9s de las operatorias Ley 10830, Instituto de la Vivienda y Ley 24320.<\/p>\n\n\n\n<p>Fuente: Ramallo City<\/p>\n","protected":false},"excerpt":{"rendered":"<p>En el marco del programa \u201cMi escritura, mi casa\u201d implementado por el gobierno de la provincia de Buenos Aires, en conjunto con el municipio de Ramallo, un total de 77 familias del partido firmar\u00e1n sus t\u00edtulos de propiedad. La jornada de escrituraci\u00f3n se realizar\u00e1 el jueves 25 de marzo a las 10:30 hs, en la [&hellip;]<\/p>\n","protected":false},"author":4,"featured_media":89637,"comment_status":"open","ping_status":"closed","sticky":false,"template":"","format":"standard","meta":{"om_disable_all_campaigns":false,"_jetpack_memberships_contains_paid_content":false,"footnotes":""},"categories":[621],"tags":[],"class_list":["post-89636","post","type-post","status-publish","format-standard","has-post-thumbnail","hentry","category-regionales"],"aioseo_notices":[],"gutentor_comment":0,"jetpack_featured_media_url":"https:\/\/eldiariodesanpedro.com.ar\/sitio\/wp-content\/uploads\/2021\/03\/164406230_3988474134550379_2343218890928411050_o.jpg","jetpack_shortlink":"https:\/\/wp.me\/p6RhLt-njK","jetpack_sharing_enabled":true,"_links":{"self":[{"href":"https:\/\/eldiariodesanpedro.com.ar\/sitio\/wp-json\/wp\/v2\/posts\/89636","targetHints":{"allow":["GET"]}}],"collection":[{"href":"https:\/\/eldiariodesanpedro.com.ar\/sitio\/wp-json\/wp\/v2\/posts"}],"about":[{"href":"https:\/\/eldiariodesanpedro.com.ar\/sitio\/wp-json\/wp\/v2\/types\/post"}],"author":[{"embeddable":true,"href":"https:\/\/eldiariodesanpedro.com.ar\/sitio\/wp-json\/wp\/v2\/users\/4"}],"replies":[{"embeddable":true,"href":"https:\/\/eldiariodesanpedro.com.ar\/sitio\/wp-json\/wp\/v2\/comments?post=89636"}],"version-history":[{"count":1,"href":"https:\/\/eldiariodesanpedro.com.ar\/sitio\/wp-json\/wp\/v2\/posts\/89636\/revisions"}],"predecessor-version":[{"id":89638,"href":"https:\/\/eldiariodesanpedro.com.ar\/sitio\/wp-json\/wp\/v2\/posts\/89636\/revisions\/89638"}],"wp:featuredmedia":[{"embeddable":true,"href":"https:\/\/eldiariodesanpedro.com.ar\/sitio\/wp-json\/wp\/v2\/media\/89637"}],"wp:attachment":[{"href":"https:\/\/eldiariodesanpedro.com.ar\/sitio\/wp-json\/wp\/v2\/media?parent=89636"}],"wp:term":[{"taxonomy":"category","embeddable":true,"href":"https:\/\/eldiariodesanpedro.com.ar\/sitio\/wp-json\/wp\/v2\/categories?post=89636"},{"taxonomy":"post_tag","embeddable":true,"href":"https:\/\/eldiariodesanpedro.com.ar\/sitio\/wp-json\/wp\/v2\/tags?post=89636"}],"curies":[{"name":"wp","href":"https:\/\/api.w.org\/{rel}","templated":true}]}}