{"id":89633,"date":"2021-03-23T09:36:17","date_gmt":"2021-03-23T12:36:17","guid":{"rendered":"https:\/\/eldiariodesanpedro.com.ar\/sitio\/?p=89633"},"modified":"2021-03-23T09:36:22","modified_gmt":"2021-03-23T12:36:22","slug":"ramallo-se-trabaja-para-la-reapertura-de-arrebeef","status":"publish","type":"post","link":"https:\/\/eldiariodesanpedro.com.ar\/sitio\/ramallo-se-trabaja-para-la-reapertura-de-arrebeef\/","title":{"rendered":"RAMALLO | Se trabaja para la reapertura de ArreBeef"},"content":{"rendered":"<!-- VideographyWP Plugin Message: Automatic video embedding prevented by plugin options. -->\n\n<p>Los trabajadores en huelga de Arrebeef y el representante de la Federaci\u00f3n de la Carne, Miguel Tapia, se reunieron en un predio abierto en la zona de la estaci\u00f3n de P\u00e9rez Mill\u00e1n. Se trabaja para la reapertura del frigor\u00edfico.<\/p>\n\n\n\n<p>En ese encuentro, Tapia le transmiti\u00f3 las novedades que hab\u00edan surgido de la \u00faltima reuni\u00f3n en el Ministerio de Trabajo, en el marco de la conciliaci\u00f3n obligatoria. \u201cHoy estamos hablando de reapertura, se hab\u00edan anunciado un mont\u00f3n de cosas, que se cerraba, que se vend\u00eda\u2026 hoy el acta habla que se va a trabajar en el reordenamiento para la reapertura del frigor\u00edfico\u201d.\u00a0Aproximadamente 400 empleados de la planta frigor\u00edfica se acercaron para escucharlo e interrogarlo. Hab\u00eda expectativa por recibir buenas noticias, pero tambi\u00e9n desconfianza. Desde que empez\u00f3 el paro, varios dirigentes se mostraron solidarios con la causa, pero nadie resolvi\u00f3 el conflicto. Adem\u00e1s, Tapia fue enviado por la Federaci\u00f3n que al mismo tiempo sostiene al resistido secretario gremial Luis P\u00e9rez; esta parte tampoco les cierra a los trabajadores.<\/p>\n\n\n\n<p>Fuente: Fm Meta<\/p>\n","protected":false},"excerpt":{"rendered":"<p>Los trabajadores en huelga de Arrebeef y el representante de la Federaci\u00f3n de la Carne, Miguel Tapia, se reunieron en un predio abierto en la zona de la estaci\u00f3n de P\u00e9rez Mill\u00e1n. Se trabaja para la reapertura del frigor\u00edfico. En ese encuentro, Tapia le transmiti\u00f3 las novedades que hab\u00edan surgido de la \u00faltima reuni\u00f3n en [&hellip;]<\/p>\n","protected":false},"author":4,"featured_media":89634,"comment_status":"open","ping_status":"closed","sticky":false,"template":"","format":"standard","meta":{"om_disable_all_campaigns":false,"_jetpack_memberships_contains_paid_content":false,"footnotes":""},"categories":[621],"tags":[],"class_list":["post-89633","post","type-post","status-publish","format-standard","has-post-thumbnail","hentry","category-regionales"],"aioseo_notices":[],"gutentor_comment":0,"jetpack_featured_media_url":"https:\/\/eldiariodesanpedro.com.ar\/sitio\/wp-content\/uploads\/2021\/03\/16163349800-800x500-1.jpg","jetpack_shortlink":"https:\/\/wp.me\/p6RhLt-njH","jetpack_sharing_enabled":true,"_links":{"self":[{"href":"https:\/\/eldiariodesanpedro.com.ar\/sitio\/wp-json\/wp\/v2\/posts\/89633","targetHints":{"allow":["GET"]}}],"collection":[{"href":"https:\/\/eldiariodesanpedro.com.ar\/sitio\/wp-json\/wp\/v2\/posts"}],"about":[{"href":"https:\/\/eldiariodesanpedro.com.ar\/sitio\/wp-json\/wp\/v2\/types\/post"}],"author":[{"embeddable":true,"href":"https:\/\/eldiariodesanpedro.com.ar\/sitio\/wp-json\/wp\/v2\/users\/4"}],"replies":[{"embeddable":true,"href":"https:\/\/eldiariodesanpedro.com.ar\/sitio\/wp-json\/wp\/v2\/comments?post=89633"}],"version-history":[{"count":1,"href":"https:\/\/eldiariodesanpedro.com.ar\/sitio\/wp-json\/wp\/v2\/posts\/89633\/revisions"}],"predecessor-version":[{"id":89635,"href":"https:\/\/eldiariodesanpedro.com.ar\/sitio\/wp-json\/wp\/v2\/posts\/89633\/revisions\/89635"}],"wp:featuredmedia":[{"embeddable":true,"href":"https:\/\/eldiariodesanpedro.com.ar\/sitio\/wp-json\/wp\/v2\/media\/89634"}],"wp:attachment":[{"href":"https:\/\/eldiariodesanpedro.com.ar\/sitio\/wp-json\/wp\/v2\/media?parent=89633"}],"wp:term":[{"taxonomy":"category","embeddable":true,"href":"https:\/\/eldiariodesanpedro.com.ar\/sitio\/wp-json\/wp\/v2\/categories?post=89633"},{"taxonomy":"post_tag","embeddable":true,"href":"https:\/\/eldiariodesanpedro.com.ar\/sitio\/wp-json\/wp\/v2\/tags?post=89633"}],"curies":[{"name":"wp","href":"https:\/\/api.w.org\/{rel}","templated":true}]}}