{"id":89631,"date":"2021-03-23T09:33:13","date_gmt":"2021-03-23T12:33:13","guid":{"rendered":"https:\/\/eldiariodesanpedro.com.ar\/sitio\/?p=89631"},"modified":"2021-03-23T09:33:18","modified_gmt":"2021-03-23T12:33:18","slug":"capitan-sarmiento-el-pasado-viernes-aparecio-eliana-furi-en-pilar-no-estuvo-secuestrada-y-se-ausento-por-cuenta-propia","status":"publish","type":"post","link":"https:\/\/eldiariodesanpedro.com.ar\/sitio\/capitan-sarmiento-el-pasado-viernes-aparecio-eliana-furi-en-pilar-no-estuvo-secuestrada-y-se-ausento-por-cuenta-propia\/","title":{"rendered":"CAPITAN SARMIENTO | El pasado viernes apareci\u00f3 Eliana Furi en Pilar, no estuvo secuestrada y se ausento por cuenta propia"},"content":{"rendered":"<!-- VideographyWP Plugin Message: Automatic video embedding prevented by plugin options. -->\n\n<p>La joven de 17 a\u00f1os buscada desde el 4 de marzo se present\u00f3 este viernes por la noche en la Comisar\u00eda Primera de Pilar, luego de enterarse de la detenci\u00f3n de un hombre, vecino de la familia en Capit\u00e1n Sarmiento. Se encontraba en perfecto estado de salud y, aunque asegur\u00f3 que se hab\u00eda retirado de su vivienda por voluntad propia y que en ning\u00fan momento estuvo privada de su libertad, se aguarda por la resoluci\u00f3n del Fiscal interviniente.<\/p>\n\n\n\n<p>La joven de 17 a\u00f1os buscada desde el 4 de marzo se present\u00f3 este viernes por la noche en la Comisar\u00eda Primera de Pilar, luego de enterarse de la detenci\u00f3n de un hombre, vecino de la familia en Capit\u00e1n Sarmiento. Se encontraba en perfecto estado de salud y, aunque asegur\u00f3 que se hab\u00eda retirado de su vivienda por voluntad propia y que en ning\u00fan momento estuvo privada de su libertad, se aguarda por la resoluci\u00f3n del Fiscal interviniente.<\/p>\n","protected":false},"excerpt":{"rendered":"<p>La joven de 17 a\u00f1os buscada desde el 4 de marzo se present\u00f3 este viernes por la noche en la Comisar\u00eda Primera de Pilar, luego de enterarse de la detenci\u00f3n de un hombre, vecino de la familia en Capit\u00e1n Sarmiento. Se encontraba en perfecto estado de salud y, aunque asegur\u00f3 que se hab\u00eda retirado de [&hellip;]<\/p>\n","protected":false},"author":4,"featured_media":89404,"comment_status":"open","ping_status":"closed","sticky":false,"template":"","format":"standard","meta":{"om_disable_all_campaigns":false,"_jetpack_memberships_contains_paid_content":false,"footnotes":""},"categories":[621],"tags":[],"class_list":["post-89631","post","type-post","status-publish","format-standard","has-post-thumbnail","hentry","category-regionales"],"aioseo_notices":[],"gutentor_comment":0,"jetpack_featured_media_url":"https:\/\/eldiariodesanpedro.com.ar\/sitio\/wp-content\/uploads\/2021\/03\/Eliana-Furi-Sarmiento-C5N-842x510-1.png","jetpack_shortlink":"https:\/\/wp.me\/p6RhLt-njF","jetpack_sharing_enabled":true,"_links":{"self":[{"href":"https:\/\/eldiariodesanpedro.com.ar\/sitio\/wp-json\/wp\/v2\/posts\/89631","targetHints":{"allow":["GET"]}}],"collection":[{"href":"https:\/\/eldiariodesanpedro.com.ar\/sitio\/wp-json\/wp\/v2\/posts"}],"about":[{"href":"https:\/\/eldiariodesanpedro.com.ar\/sitio\/wp-json\/wp\/v2\/types\/post"}],"author":[{"embeddable":true,"href":"https:\/\/eldiariodesanpedro.com.ar\/sitio\/wp-json\/wp\/v2\/users\/4"}],"replies":[{"embeddable":true,"href":"https:\/\/eldiariodesanpedro.com.ar\/sitio\/wp-json\/wp\/v2\/comments?post=89631"}],"version-history":[{"count":1,"href":"https:\/\/eldiariodesanpedro.com.ar\/sitio\/wp-json\/wp\/v2\/posts\/89631\/revisions"}],"predecessor-version":[{"id":89632,"href":"https:\/\/eldiariodesanpedro.com.ar\/sitio\/wp-json\/wp\/v2\/posts\/89631\/revisions\/89632"}],"wp:featuredmedia":[{"embeddable":true,"href":"https:\/\/eldiariodesanpedro.com.ar\/sitio\/wp-json\/wp\/v2\/media\/89404"}],"wp:attachment":[{"href":"https:\/\/eldiariodesanpedro.com.ar\/sitio\/wp-json\/wp\/v2\/media?parent=89631"}],"wp:term":[{"taxonomy":"category","embeddable":true,"href":"https:\/\/eldiariodesanpedro.com.ar\/sitio\/wp-json\/wp\/v2\/categories?post=89631"},{"taxonomy":"post_tag","embeddable":true,"href":"https:\/\/eldiariodesanpedro.com.ar\/sitio\/wp-json\/wp\/v2\/tags?post=89631"}],"curies":[{"name":"wp","href":"https:\/\/api.w.org\/{rel}","templated":true}]}}